{"id":42555,"date":"2026-04-28T13:23:33","date_gmt":"2026-04-28T11:23:33","guid":{"rendered":"https:\/\/heymondo.fr\/blog\/?p=42555"},"modified":"2026-04-28T13:25:39","modified_gmt":"2026-04-28T11:25:39","slug":"festivals-musique-europe","status":"publish","type":"post","link":"https:\/\/heymondo.fr\/blog\/festivals-musique-europe\/","title":{"rendered":"Les festivals de musique \u00e0 ne pas manquer cet \u00e9t\u00e9 en Europe"},"content":{"rendered":"\n<p>L\u2019\u00e9t\u00e9 est sans aucun doute la meilleure p\u00e9riode pour vibrer au rythme des <strong>festivals en Europe<\/strong>. Que vous soyez fan d\u2019\u00e9lectro, de rock ou de pop, le continent propose des \u00e9v\u00e9nements spectaculaires durant les mois de juin, juillet et ao\u00fbt. En optimisant vos vacances, il est possible de vivre des exp\u00e9riences musicales inoubliables tout en d\u00e9couvrant de nouvelles cultures.<\/p>\n\n\n\n<p>D\u00e9couvrez les festivals les plus embl\u00e9matiques \u00e0 travers l&rsquo;<strong>Espagne<\/strong>, la <strong>Belgique<\/strong>, la <strong>Hongrie<\/strong>, la <strong>Roumanie<\/strong> et bien d&rsquo;autres. Ces suggestions vous permettront de planifier un \u00e9t\u00e9 m\u00e9morable sous le signe de la f\u00eate.<\/p>\n\n\n\n<p>Cependant, comme ces \u00e9v\u00e9nements attirent des foules internationales, il est crucial d&rsquo;anticiper les impr\u00e9vus. Un vol retard\u00e9 ou un petit souci de sant\u00e9 peut vite arriver dans l&rsquo;effervescence de la f\u00eate. Pour profiter pleinement de la musique, pensez \u00e0 souscrire une <strong>assurance voyage Heymondo<\/strong>, id\u00e9ale pour voyager en toute s\u00e9r\u00e9nit\u00e9.<\/p>\n\n\n\n<br><br><p class=\"has-text-align-center\"><a class=\"custom-button\" style=\"color: white; width: 250px;\" href=\"https:\/\/heymondo.fr\/assurance-voyage\/\" title=\"Assurance voyage\" target=\"_blank\" rel=\"noopener noreferrer\"> Assurance voyage<\/a><\/p><br>\n\n\n\n<div id=\"ez-toc-container\" class=\"ez-toc-v2_0_82_2 ez-toc-wrap-center counter-hierarchy ez-toc-counter ez-toc-grey ez-toc-container-direction\">\n<div class=\"ez-toc-title-container\"><p class=\"ez-toc-title\" style=\"cursor:inherit\">Sommaire<\/p>\n<\/div><nav><ul class='ez-toc-list ez-toc-list-level-1 ' ><li class='ez-toc-page-1 ez-toc-heading-level-2'><a class=\"ez-toc-link ez-toc-heading-1\" href=\"https:\/\/heymondo.fr\/blog\/festivals-musique-europe\/#Espagne_Primavera_Sound_a_Barcelone\" >Espagne : Primavera Sound \u00e0 Barcelone<\/a><\/li><li class='ez-toc-page-1 ez-toc-heading-level-2'><a class=\"ez-toc-link ez-toc-heading-2\" href=\"https:\/\/heymondo.fr\/blog\/festivals-musique-europe\/#Royaume-Uni_Limmensite_de_Glastonbury\" >Royaume-Uni : L&rsquo;immensit\u00e9 de Glastonbury<\/a><\/li><li class='ez-toc-page-1 ez-toc-heading-level-2'><a class=\"ez-toc-link ez-toc-heading-3\" href=\"https:\/\/heymondo.fr\/blog\/festivals-musique-europe\/#Espagne_Mad_Cool_Festival_a_Madrid\" >Espagne : Mad Cool Festival \u00e0 Madrid<\/a><\/li><li class='ez-toc-page-1 ez-toc-heading-level-2'><a class=\"ez-toc-link ez-toc-heading-4\" href=\"https:\/\/heymondo.fr\/blog\/festivals-musique-europe\/#Portugal_NOS_Alive_a_Lisbonne\" >Portugal : NOS Alive \u00e0 Lisbonne<\/a><\/li><li class='ez-toc-page-1 ez-toc-heading-level-2'><a class=\"ez-toc-link ez-toc-heading-5\" href=\"https:\/\/heymondo.fr\/blog\/festivals-musique-europe\/#Croatie_Ultra_Europe_a_Split\" >Croatie : Ultra Europe \u00e0 Split<\/a><\/li><li class='ez-toc-page-1 ez-toc-heading-level-2'><a class=\"ez-toc-link ez-toc-heading-6\" href=\"https:\/\/heymondo.fr\/blog\/festivals-musique-europe\/#Belgique_Lincontournable_Tomorrowland\" >Belgique : L&rsquo;incontournable Tomorrowland<\/a><\/li><li class='ez-toc-page-1 ez-toc-heading-level-2'><a class=\"ez-toc-link ez-toc-heading-7\" href=\"https:\/\/heymondo.fr\/blog\/festivals-musique-europe\/#Roumanie_La_magie_de_lUntold_Festival\" >Roumanie : La magie de l&rsquo;Untold Festival<\/a><\/li><li class='ez-toc-page-1 ez-toc-heading-level-2'><a class=\"ez-toc-link ez-toc-heading-8\" href=\"https:\/\/heymondo.fr\/blog\/festivals-musique-europe\/#Hongrie_Sziget_Festival_lile_de_la_liberte\" >Hongrie : Sziget Festival, l&rsquo;\u00eele de la libert\u00e9<\/a><\/li><li class='ez-toc-page-1 ez-toc-heading-level-2'><a class=\"ez-toc-link ez-toc-heading-9\" href=\"https:\/\/heymondo.fr\/blog\/festivals-musique-europe\/#Voyagez_et_faites_la_fete_en_toute_securite\" >Voyagez et faites la f\u00eate en toute s\u00e9curit\u00e9<\/a><\/li><\/ul><\/nav><\/div>\n<h2 class=\"wp-block-heading\"><span class=\"ez-toc-section\" id=\"Espagne_Primavera_Sound_a_Barcelone\"><\/span>Espagne : Primavera Sound \u00e0 Barcelone<span class=\"ez-toc-section-end\"><\/span><\/h2>\n\n\n\n<p>Le <strong>Primavera Sound<\/strong> (du 3 au 7 juin 2026) est bien plus qu&rsquo;un festival, c&rsquo;est une institution culturelle. Situ\u00e9 au Parc del F\u00f2rum face \u00e0 la mer, il propose une programmation tr\u00e8s pointue, allant de l&rsquo;ind\u00e9 \u00e0 l&rsquo;\u00e9lectro, avec des artistes comme <strong>Gorillaz<\/strong> ou <strong>Peggy Gou<\/strong>.<\/p>\n\n\n\n<ul class=\"wp-block-list\">\n<li><strong>Le bon plan :<\/strong> Le festival propose souvent des concerts gratuits \u00ab\u00a0Primavera a la Ciutat\u00a0\u00bb dans diff\u00e9rents lieux de Barcelone la semaine pr\u00e9c\u00e9dant l&rsquo;\u00e9v\u00e9nement. Profitez-en pour d\u00e9couvrir des artistes \u00e9mergents sans d\u00e9penser un euro !<\/li>\n<\/ul>\n\n\n\n<ul class=\"wp-block-list\">\n<li><strong>Que visiter \u00e0 Barcelone ?<\/strong> Votre s\u00e9jour ne serait pas complet sans admirer la <strong>Sagrada Fam\u00edlia<\/strong> et les maisons color\u00e9es de Gaud\u00ed sur le <strong>Passeig de Gr\u00e0cia<\/strong>. Prenez de la hauteur au <strong>Parc G\u00fcell<\/strong> pour une vue panoramique sur la M\u00e9diterran\u00e9e. Pour une ambiance plus typique, perdez-vous dans les ruelles du <strong>Quartier Gothique<\/strong> et terminez par une pause fra\u00eecheur au march\u00e9 de la <strong>Boqueria<\/strong> sur les Ramblas.<\/li>\n<\/ul>\n\n\n<div class=\"wp-block-image\">\n<figure class=\"aligncenter size-full\"><img decoding=\"async\" width=\"900\" height=\"600\" src=\"https:\/\/heymondo.fr\/blog\/wp-content\/uploads\/2026\/04\/BASE-PHOTOS-BLOG-71-compressed.jpg\" alt=\"Parc G\u00fcell, Barcelone\" class=\"wp-image-42559\" srcset=\"https:\/\/heymondo.fr\/blog\/wp-content\/uploads\/2026\/04\/BASE-PHOTOS-BLOG-71-compressed-200x133.jpg 200w, https:\/\/heymondo.fr\/blog\/wp-content\/uploads\/2026\/04\/BASE-PHOTOS-BLOG-71-compressed-300x200.jpg 300w, https:\/\/heymondo.fr\/blog\/wp-content\/uploads\/2026\/04\/BASE-PHOTOS-BLOG-71-compressed-400x267.jpg 400w, https:\/\/heymondo.fr\/blog\/wp-content\/uploads\/2026\/04\/BASE-PHOTOS-BLOG-71-compressed-600x400.jpg 600w, https:\/\/heymondo.fr\/blog\/wp-content\/uploads\/2026\/04\/BASE-PHOTOS-BLOG-71-compressed-768x512.jpg 768w, https:\/\/heymondo.fr\/blog\/wp-content\/uploads\/2026\/04\/BASE-PHOTOS-BLOG-71-compressed-800x533.jpg 800w, https:\/\/heymondo.fr\/blog\/wp-content\/uploads\/2026\/04\/BASE-PHOTOS-BLOG-71-compressed.jpg 900w\" sizes=\"(max-width: 900px) 100vw, 900px\" \/><figcaption class=\"wp-element-caption\">Parc G\u00fcell, Barcelone<\/figcaption><\/figure>\n<\/div>\n\n\n<h2 class=\"wp-block-heading\"><span class=\"ez-toc-section\" id=\"Royaume-Uni_Limmensite_de_Glastonbury\"><\/span>Royaume-Uni : L&rsquo;immensit\u00e9 de Glastonbury<span class=\"ez-toc-section-end\"><\/span><\/h2>\n\n\n\n<p>Situ\u00e9 dans le <strong>Somerset<\/strong>, <strong>Glastonbury<\/strong> (du 25 au 29 juin 2026) est le p\u00e8re de tous les festivals. On y retrouve des l\u00e9gendes du rock et de la pop comme <strong>The 1975 <\/strong>et <strong>Charli XCX<\/strong>. C&rsquo;est une v\u00e9ritable ville \u00e9ph\u00e9m\u00e8re qui surgit au milieu des champs.<\/p>\n\n\n\n<ul class=\"wp-block-list\">\n<li><strong>Le bon plan :<\/strong> Apportez des bottes en caoutchouc (wellies), peu importe les pr\u00e9visions m\u00e9t\u00e9o. La boue fait partie int\u00e9grante de l&rsquo;exp\u00e9rience et du charme de ce festival mythique.<\/li>\n<\/ul>\n\n\n\n<ul class=\"wp-block-list\">\n<li><strong>Que visiter pr\u00e8s de Glastonbury ?<\/strong> Profitez de votre passage pour monter au <strong>Glastonbury Tor<\/strong>, une colline mystique offrant une vue imprenable sur la campagne anglaise. L&rsquo;<strong>Abbaye de Glastonbury<\/strong>, charg\u00e9e de l\u00e9gendes arthuriennes, m\u00e9rite \u00e9galement une visite. Si vous avez un peu de temps, rendez-vous dans la ville thermale de <strong>Bath<\/strong>, class\u00e9e \u00e0 l&rsquo;UNESCO, pour admirer ses c\u00e9l\u00e8bres thermes romains. Enfin, le site pr\u00e9historique de <strong>Stonehenge<\/strong> se trouve \u00e0 une heure de route, parfait pour une \u00e9tape culturelle.<\/li>\n<\/ul>\n\n\n<div class=\"wp-block-image\">\n<figure class=\"aligncenter size-full\"><img decoding=\"async\" width=\"900\" height=\"600\" src=\"https:\/\/heymondo.fr\/blog\/wp-content\/uploads\/2026\/04\/BASE-PHOTOS-BLOG-72-compressed.jpg\" alt=\"Abbaye de Glastonbury\" class=\"wp-image-42560\" srcset=\"https:\/\/heymondo.fr\/blog\/wp-content\/uploads\/2026\/04\/BASE-PHOTOS-BLOG-72-compressed-200x133.jpg 200w, https:\/\/heymondo.fr\/blog\/wp-content\/uploads\/2026\/04\/BASE-PHOTOS-BLOG-72-compressed-300x200.jpg 300w, https:\/\/heymondo.fr\/blog\/wp-content\/uploads\/2026\/04\/BASE-PHOTOS-BLOG-72-compressed-400x267.jpg 400w, https:\/\/heymondo.fr\/blog\/wp-content\/uploads\/2026\/04\/BASE-PHOTOS-BLOG-72-compressed-600x400.jpg 600w, https:\/\/heymondo.fr\/blog\/wp-content\/uploads\/2026\/04\/BASE-PHOTOS-BLOG-72-compressed-768x512.jpg 768w, https:\/\/heymondo.fr\/blog\/wp-content\/uploads\/2026\/04\/BASE-PHOTOS-BLOG-72-compressed-800x533.jpg 800w, https:\/\/heymondo.fr\/blog\/wp-content\/uploads\/2026\/04\/BASE-PHOTOS-BLOG-72-compressed.jpg 900w\" sizes=\"(max-width: 900px) 100vw, 900px\" \/><figcaption class=\"wp-element-caption\">Abbaye de Glastonbury<\/figcaption><\/figure>\n<\/div>\n\n\n<h2 class=\"wp-block-heading\"><span class=\"ez-toc-section\" id=\"Espagne_Mad_Cool_Festival_a_Madrid\"><\/span>Espagne : Mad Cool Festival \u00e0 Madrid<span class=\"ez-toc-section-end\"><\/span><\/h2>\n\n\n\n<p>Le <strong>Mad Cool Festival<\/strong> (du 8 au 11 juillet 2026) est devenu le rendez-vous majeur de la capitale espagnole. Situ\u00e9 dans le quartier d&rsquo;Illa Valdebebas, il accueille des l\u00e9gendes du rock et de la pop comme <strong>Teddy Swims<\/strong>, <strong>Lorde <\/strong>ou <strong>Zara Larsson<\/strong>. L&rsquo;ambiance y est \u00e9lectrique et les sc\u00e8nes sont gigantesques.<\/p>\n\n\n\n<ul class=\"wp-block-list\">\n<li><strong>Le bon plan :<\/strong> Utilisez la ligne 3 du m\u00e9tro pour rentrer, elle reste souvent ouverte plus tard durant le festival. Pour le logement, visez le quartier de <strong>Tetuan<\/strong> ou de <strong>Chamber\u00ed<\/strong>, bien desservis et tr\u00e8s vivants.<\/li>\n<\/ul>\n\n\n\n<ul class=\"wp-block-list\">\n<li><strong>Que visiter \u00e0 Madrid ?<\/strong> Ne manquez pas le <strong>Palais Royal<\/strong>, l&rsquo;un des plus grands d&rsquo;Europe, et promenez-vous dans le <strong>Parc du Retiro<\/strong> pour admirer son palais de cristal. Pour les amateurs d&rsquo;art, le <strong>Mus\u00e9e du Prado<\/strong> est une \u00e9tape incontournable. Enfin, terminez votre journ\u00e9e par une d\u00e9gustation de tapas sur la <strong>Plaza Mayor<\/strong> ou au march\u00e9 de <strong>San Miguel<\/strong> pour d\u00e9couvrir les saveurs locales dans un cadre historique.<\/li>\n<\/ul>\n\n\n<div class=\"wp-block-image\">\n<figure class=\"aligncenter size-full\"><img decoding=\"async\" width=\"900\" height=\"600\" src=\"https:\/\/heymondo.fr\/blog\/wp-content\/uploads\/2026\/04\/BASE-PHOTOS-BLOG-73-compressed.jpg\" alt=\"March\u00e9 de San Miguel, Madrid\" class=\"wp-image-42561\" srcset=\"https:\/\/heymondo.fr\/blog\/wp-content\/uploads\/2026\/04\/BASE-PHOTOS-BLOG-73-compressed-200x133.jpg 200w, https:\/\/heymondo.fr\/blog\/wp-content\/uploads\/2026\/04\/BASE-PHOTOS-BLOG-73-compressed-300x200.jpg 300w, https:\/\/heymondo.fr\/blog\/wp-content\/uploads\/2026\/04\/BASE-PHOTOS-BLOG-73-compressed-400x267.jpg 400w, https:\/\/heymondo.fr\/blog\/wp-content\/uploads\/2026\/04\/BASE-PHOTOS-BLOG-73-compressed-600x400.jpg 600w, https:\/\/heymondo.fr\/blog\/wp-content\/uploads\/2026\/04\/BASE-PHOTOS-BLOG-73-compressed-768x512.jpg 768w, https:\/\/heymondo.fr\/blog\/wp-content\/uploads\/2026\/04\/BASE-PHOTOS-BLOG-73-compressed-800x533.jpg 800w, https:\/\/heymondo.fr\/blog\/wp-content\/uploads\/2026\/04\/BASE-PHOTOS-BLOG-73-compressed.jpg 900w\" sizes=\"(max-width: 900px) 100vw, 900px\" \/><figcaption class=\"wp-element-caption\">March\u00e9 de San Miguel, Madrid<\/figcaption><\/figure>\n<\/div>\n\n\n<h2 class=\"wp-block-heading\"><span class=\"ez-toc-section\" id=\"Portugal_NOS_Alive_a_Lisbonne\"><\/span>Portugal : NOS Alive \u00e0 Lisbonne<span class=\"ez-toc-section-end\"><\/span><\/h2>\n\n\n\n<p>Le <strong>NOS Alive<\/strong> (du 9 au 11 juillet 2026) se d\u00e9roule sur les rives du Tage \u00e0 <strong>Lisbonne<\/strong>. C&rsquo;est l&rsquo;un des festivals les mieux programm\u00e9s d&rsquo;Europe, accueillant souvent <strong>Twenty one pilots<\/strong> ou <strong>Florence + The Machine<\/strong>.<\/p>\n\n\n\n<ul class=\"wp-block-list\">\n<li><strong>Le bon plan :<\/strong> Le festival se termine au petit matin. Profitez-en pour aller manger des <strong>Past\u00e9is de Bel\u00e9m<\/strong> tout juste sortis du four dans la c\u00e9l\u00e8bre p\u00e2tisserie situ\u00e9e juste \u00e0 c\u00f4t\u00e9 du site.<\/li>\n<\/ul>\n\n\n\n<ul class=\"wp-block-list\">\n<li><strong>Que visiter \u00e0 Lisbonne ?<\/strong> Ne manquez pas la <strong>Tour de Bel\u00e9m<\/strong>, symbole des grandes d\u00e9couvertes maritimes. Le quartier de l&rsquo;<strong>Alfama<\/strong>, avec ses ruelles escarp\u00e9es et ses chants de Fado, m\u00e9rite \u00e9galement une longue promenade. Pour une vue imprenable, montez au <strong>Ch\u00e2teau Saint-Georges<\/strong> qui surplombe les toits orang\u00e9s de la ville. Enfin, faites un tour au <strong>Time Out Market<\/strong> pour go\u00fbter aux meilleures cr\u00e9ations des chefs locaux dans une ambiance conviviale.<\/li>\n<\/ul>\n\n\n<div class=\"wp-block-image\">\n<figure class=\"aligncenter size-full\"><img decoding=\"async\" width=\"900\" height=\"600\" src=\"https:\/\/heymondo.fr\/blog\/wp-content\/uploads\/2026\/04\/BASE-PHOTOS-BLOG-74.jpg\" alt=\"Vue sur le quartier de l'Alfama, Lisbonne\" class=\"wp-image-42562\" srcset=\"https:\/\/heymondo.fr\/blog\/wp-content\/uploads\/2026\/04\/BASE-PHOTOS-BLOG-74-200x133.jpg 200w, https:\/\/heymondo.fr\/blog\/wp-content\/uploads\/2026\/04\/BASE-PHOTOS-BLOG-74-300x200.jpg 300w, https:\/\/heymondo.fr\/blog\/wp-content\/uploads\/2026\/04\/BASE-PHOTOS-BLOG-74-400x267.jpg 400w, https:\/\/heymondo.fr\/blog\/wp-content\/uploads\/2026\/04\/BASE-PHOTOS-BLOG-74-600x400.jpg 600w, https:\/\/heymondo.fr\/blog\/wp-content\/uploads\/2026\/04\/BASE-PHOTOS-BLOG-74-768x512.jpg 768w, https:\/\/heymondo.fr\/blog\/wp-content\/uploads\/2026\/04\/BASE-PHOTOS-BLOG-74-800x533.jpg 800w, https:\/\/heymondo.fr\/blog\/wp-content\/uploads\/2026\/04\/BASE-PHOTOS-BLOG-74.jpg 900w\" sizes=\"(max-width: 900px) 100vw, 900px\" \/><figcaption class=\"wp-element-caption\">Vue sur le quartier de l&rsquo;Alfama, Lisbonne<\/figcaption><\/figure>\n<\/div>\n\n\n<h2 class=\"wp-block-heading\"><span class=\"ez-toc-section\" id=\"Croatie_Ultra_Europe_a_Split\"><\/span>Croatie : Ultra Europe \u00e0 Split<span class=\"ez-toc-section-end\"><\/span><\/h2>\n\n\n\n<p>Pour les amateurs de pur son \u00ab\u00a0EDM\u00a0\u00bb, l&rsquo;<strong>Ultra Europe<\/strong> (du 10 au 12 juillet 2026) au stade <strong>Mladen Park<\/strong> de <strong>Split<\/strong> est une \u00e9tape obligatoire. Vous y verrez des artistes comme <strong>Fisher <\/strong>ou <strong>Calvin Harris<\/strong>.<\/p>\n\n\n\n<ul class=\"wp-block-list\">\n<li><strong>Le bon plan :<\/strong> Ne manquez pas les \u00ab\u00a0Boat Parties\u00a0\u00bb. Ce sont des f\u00eates organis\u00e9es sur des bateaux qui naviguent dans l&rsquo;Adriatique pendant la journ\u00e9e, avant que les concerts principaux ne commencent.<\/li>\n<\/ul>\n\n\n\n<ul class=\"wp-block-list\">\n<li><strong>Que visiter \u00e0 Split ?<\/strong> Le <strong>Palais de Diocl\u00e9tien<\/strong> est le c\u0153ur vivant de la ville et un lieu incontournable. Promenez-vous sur la <strong>Riva<\/strong>, la c\u00e9l\u00e8bre promenade maritime bord\u00e9e de palmiers et de terrasses anim\u00e9es. Pour les amoureux de nature, le <strong>Parc de Marjan<\/strong> offre des sentiers de randonn\u00e9e et des plages cach\u00e9es aux eaux cristallines. Enfin, prenez un ferry pour explorer l&rsquo;\u00eele de <strong>Hvar<\/strong>, situ\u00e9e juste en face, pour une escapade m\u00e9diterran\u00e9enne parfaite.<\/li>\n<\/ul>\n\n\n<div class=\"wp-block-image\">\n<figure class=\"aligncenter size-full\"><img decoding=\"async\" width=\"900\" height=\"600\" src=\"https:\/\/heymondo.fr\/blog\/wp-content\/uploads\/2026\/04\/BASE-PHOTOS-BLOG-75-compressed.jpg\" alt=\"Port de Hvar, Croatie\" class=\"wp-image-42563\" srcset=\"https:\/\/heymondo.fr\/blog\/wp-content\/uploads\/2026\/04\/BASE-PHOTOS-BLOG-75-compressed-200x133.jpg 200w, https:\/\/heymondo.fr\/blog\/wp-content\/uploads\/2026\/04\/BASE-PHOTOS-BLOG-75-compressed-300x200.jpg 300w, https:\/\/heymondo.fr\/blog\/wp-content\/uploads\/2026\/04\/BASE-PHOTOS-BLOG-75-compressed-400x267.jpg 400w, https:\/\/heymondo.fr\/blog\/wp-content\/uploads\/2026\/04\/BASE-PHOTOS-BLOG-75-compressed-600x400.jpg 600w, https:\/\/heymondo.fr\/blog\/wp-content\/uploads\/2026\/04\/BASE-PHOTOS-BLOG-75-compressed-768x512.jpg 768w, https:\/\/heymondo.fr\/blog\/wp-content\/uploads\/2026\/04\/BASE-PHOTOS-BLOG-75-compressed-800x533.jpg 800w, https:\/\/heymondo.fr\/blog\/wp-content\/uploads\/2026\/04\/BASE-PHOTOS-BLOG-75-compressed.jpg 900w\" sizes=\"(max-width: 900px) 100vw, 900px\" \/><figcaption class=\"wp-element-caption\">Port de Hvar, Croatie<\/figcaption><\/figure>\n<\/div>\n\n\n<h2 class=\"wp-block-heading\"><span class=\"ez-toc-section\" id=\"Belgique_Lincontournable_Tomorrowland\"><\/span>Belgique : L&rsquo;incontournable Tomorrowland<span class=\"ez-toc-section-end\"><\/span><\/h2>\n\n\n\n<p>On ne pr\u00e9sente plus <strong>Tomorrowland<\/strong>, situ\u00e9 \u00e0 <strong>Boom<\/strong>, en <strong>Belgique<\/strong>. C&rsquo;est probablement le festival de musique \u00e9lectronique le plus c\u00e9l\u00e8bre au monde. Il se d\u00e9roule g\u00e9n\u00e9ralement sur deux week-ends (les deux derni\u00e8res semaines de juillet). Les d\u00e9cors f\u00e9eriques accueillent les plus grands DJ comme <strong>David Guetta<\/strong>, <strong>Martin Garrix<\/strong> et <strong>Calvin Harris<\/strong>.<\/p>\n\n\n\n<ul class=\"wp-block-list\">\n<li><strong>Le bon plan :<\/strong> Si vous ne trouvez pas de place au camping <strong>DreamVille<\/strong>, cherchez un h\u00e9bergement \u00e0 <strong>Malines<\/strong> (Mechelen). C&rsquo;est une ville charmante, moins ch\u00e8re qu&rsquo;Anvers et situ\u00e9e \u00e0 seulement 15 minutes en train sp\u00e9cial.<\/li>\n<\/ul>\n\n\n\n<ul class=\"wp-block-list\">\n<li><strong>Que visiter \u00e0 Anvers ?<\/strong> Pour une immersion imm\u00e9diate, commencez par admirer l&rsquo;architecture spectaculaire de la <strong>Gare Centrale<\/strong>, souvent cit\u00e9e comme l&rsquo;une des plus belles au monde. Dirigez-vous ensuite vers le <strong>quartier de l&rsquo;Eilandje<\/strong> pour visiter le <strong>mus\u00e9e MAS<\/strong>, dont la terrasse offre un panorama saisissant sur l&rsquo;Escaut. Les amateurs d&rsquo;art appr\u00e9cieront la <strong>Maison de Rubens<\/strong>, tandis que les curieux pourront fl\u00e2ner dans le <strong>MoMu<\/strong>, le mus\u00e9e de la mode, qui t\u00e9moigne de l&rsquo;avant-gardisme de la ville. Enfin, une promenade dans le centre historique vous permettra de d\u00e9couvrir la <strong>Cath\u00e9drale Notre-Dame<\/strong> et de profiter de l&rsquo;ambiance chaleureuse des estaminets belges pour d\u00e9guster une bi\u00e8re locale.&nbsp;<\/li>\n<\/ul>\n\n\n<div class=\"wp-block-image\">\n<figure class=\"aligncenter size-full\"><img decoding=\"async\" width=\"900\" height=\"600\" src=\"https:\/\/heymondo.fr\/blog\/wp-content\/uploads\/2026\/04\/BASE-PHOTOS-BLOG-78-compressed.jpg\" alt=\"La Grand-Place d'Anvers\" class=\"wp-image-42572\" srcset=\"https:\/\/heymondo.fr\/blog\/wp-content\/uploads\/2026\/04\/BASE-PHOTOS-BLOG-78-compressed-200x133.jpg 200w, https:\/\/heymondo.fr\/blog\/wp-content\/uploads\/2026\/04\/BASE-PHOTOS-BLOG-78-compressed-300x200.jpg 300w, https:\/\/heymondo.fr\/blog\/wp-content\/uploads\/2026\/04\/BASE-PHOTOS-BLOG-78-compressed-400x267.jpg 400w, https:\/\/heymondo.fr\/blog\/wp-content\/uploads\/2026\/04\/BASE-PHOTOS-BLOG-78-compressed-600x400.jpg 600w, https:\/\/heymondo.fr\/blog\/wp-content\/uploads\/2026\/04\/BASE-PHOTOS-BLOG-78-compressed-768x512.jpg 768w, https:\/\/heymondo.fr\/blog\/wp-content\/uploads\/2026\/04\/BASE-PHOTOS-BLOG-78-compressed-800x533.jpg 800w, https:\/\/heymondo.fr\/blog\/wp-content\/uploads\/2026\/04\/BASE-PHOTOS-BLOG-78-compressed.jpg 900w\" sizes=\"(max-width: 900px) 100vw, 900px\" \/><figcaption class=\"wp-element-caption\">La Grand-Place d&rsquo;Anvers<\/figcaption><\/figure>\n<\/div>\n\n\n<h2 class=\"wp-block-heading\"><span class=\"ez-toc-section\" id=\"Roumanie_La_magie_de_lUntold_Festival\"><\/span>Roumanie : La magie de l&rsquo;Untold Festival<span class=\"ez-toc-section-end\"><\/span><\/h2>\n\n\n\n<p>La <strong>Roumanie<\/strong> s&rsquo;est impos\u00e9e gr\u00e2ce \u00e0 l&rsquo;<strong>Untold Festival<\/strong> \u00e0 <strong>Cluj-Napoca<\/strong> (du 6 au 9 ao\u00fbt 2026). Ce festival est c\u00e9l\u00e8bre pour ses spectacles visuels et ses DJ stars comme <strong>Kygo<\/strong>, <strong>Afrojack ou Martin Garrix<\/strong>.<\/p>\n\n\n\n<ul class=\"wp-block-list\">\n<li><strong>Le bon plan :<\/strong> Explorez la r\u00e9gion de la <strong>Transylvanie<\/strong> avant le festival. Les ch\u00e2teaux m\u00e9di\u00e9vaux situ\u00e9s \u00e0 proximit\u00e9 offrent un contraste saisissant avec l&rsquo;\u00e9nergie moderne de l&rsquo;\u00e9v\u00e9nement.<\/li>\n<\/ul>\n\n\n\n<ul class=\"wp-block-list\">\n<li><strong>Que visiter \u00e0 Cluj-Napoca ?<\/strong> Lors de votre s\u00e9jour, d\u00e9couvrez la <strong>Place de l&rsquo;Union<\/strong> et l&rsquo;imposante \u00e9glise Saint-Michel. Le <strong>Jardin Botanique<\/strong> de la ville offre une parenth\u00e8se de fra\u00eecheur id\u00e9ale avant de rejoindre le festival. Pour une exp\u00e9rience insolite, rendez-vous \u00e0 la <strong>Salina Turda<\/strong>, une mine de sel spectaculaire situ\u00e9e \u00e0 proximit\u00e9. Enfin, le quartier de <strong>Fabrica de Pensule<\/strong> est parfait pour d\u00e9couvrir l&rsquo;art contemporain roumain.<\/li>\n<\/ul>\n\n\n<div class=\"wp-block-image\">\n<figure class=\"aligncenter size-full is-resized\"><img decoding=\"async\" width=\"900\" height=\"600\" src=\"https:\/\/heymondo.fr\/blog\/wp-content\/uploads\/2026\/04\/BASE-PHOTOS-BLOG-79-compressed.jpg\" alt=\"Eglise Saint-Michel, Cluj-Napoca, Roumanie\" class=\"wp-image-42571\" style=\"width:1024px;height:auto\" srcset=\"https:\/\/heymondo.fr\/blog\/wp-content\/uploads\/2026\/04\/BASE-PHOTOS-BLOG-79-compressed-200x133.jpg 200w, https:\/\/heymondo.fr\/blog\/wp-content\/uploads\/2026\/04\/BASE-PHOTOS-BLOG-79-compressed-300x200.jpg 300w, https:\/\/heymondo.fr\/blog\/wp-content\/uploads\/2026\/04\/BASE-PHOTOS-BLOG-79-compressed-400x267.jpg 400w, https:\/\/heymondo.fr\/blog\/wp-content\/uploads\/2026\/04\/BASE-PHOTOS-BLOG-79-compressed-600x400.jpg 600w, https:\/\/heymondo.fr\/blog\/wp-content\/uploads\/2026\/04\/BASE-PHOTOS-BLOG-79-compressed-768x512.jpg 768w, https:\/\/heymondo.fr\/blog\/wp-content\/uploads\/2026\/04\/BASE-PHOTOS-BLOG-79-compressed-800x533.jpg 800w, https:\/\/heymondo.fr\/blog\/wp-content\/uploads\/2026\/04\/BASE-PHOTOS-BLOG-79-compressed.jpg 900w\" sizes=\"(max-width: 900px) 100vw, 900px\" \/><figcaption class=\"wp-element-caption\">Eglise Saint-Michel, Cluj-Napoca, Roumanie<\/figcaption><\/figure>\n<\/div>\n\n\n<h2 class=\"wp-block-heading\"><span class=\"ez-toc-section\" id=\"Hongrie_Sziget_Festival_lile_de_la_liberte\"><\/span>Hongrie : Sziget Festival, l&rsquo;\u00eele de la libert\u00e9<span class=\"ez-toc-section-end\"><\/span><\/h2>\n\n\n\n<p>\u00c0 <strong>Budapest<\/strong>, le <strong>Sziget Festival<\/strong> (du 11 au 15 ao\u00fbt 2026) transforme l&rsquo;\u00eele d&rsquo;<strong>Obuda<\/strong> en un immense espace de libert\u00e9. Ce festival est l&rsquo;un des plus grands d&rsquo;Europe et propose une programmation g\u00e9ante avec des artistes comme <strong>Zara Larsson..<\/strong>. ou <strong>Skrillex<\/strong>.<\/p>\n\n\n\n<ul class=\"wp-block-list\">\n<li><strong>Le bon plan :<\/strong> Pour vos d\u00e9placements, t\u00e9l\u00e9chargez l&rsquo;application <strong>BudapestGO<\/strong>. Elle vous permet d&rsquo;acheter vos tickets de fa\u00e7on tr\u00e8s simple<\/li>\n<\/ul>\n\n\n\n<ul class=\"wp-block-list\">\n<li><strong>Que visiter \u00e0 Budapest ?<\/strong> Ne manquez pas d&rsquo;admirer le <strong>Parlement hongrois<\/strong>, l&rsquo;un des plus beaux \u00e9difices au bord du Danube. Une visite aux <strong>Bains Sz\u00e9chenyi<\/strong> est \u00e9galement essentielle pour vous d\u00e9tendre dans des eaux thermales historiques. Pour une soir\u00e9e typique, explorez les <strong>Ruin Bars<\/strong> du quartier juif, install\u00e9s dans des immeubles abandonn\u00e9s. Enfin, montez \u00e0 la <strong>Citadelle<\/strong> pour profiter du plus beau coucher de soleil sur la ville.<\/li>\n<\/ul>\n\n\n<div class=\"wp-block-image\">\n<figure class=\"aligncenter size-full\"><img decoding=\"async\" width=\"900\" height=\"600\" src=\"https:\/\/heymondo.fr\/blog\/wp-content\/uploads\/2026\/04\/BASE-PHOTOS-BLOG-77-compressed.jpg\" alt=\"Vue sur le Parlement hongrois, Budapest\" class=\"wp-image-42566\" srcset=\"https:\/\/heymondo.fr\/blog\/wp-content\/uploads\/2026\/04\/BASE-PHOTOS-BLOG-77-compressed-200x133.jpg 200w, https:\/\/heymondo.fr\/blog\/wp-content\/uploads\/2026\/04\/BASE-PHOTOS-BLOG-77-compressed-300x200.jpg 300w, https:\/\/heymondo.fr\/blog\/wp-content\/uploads\/2026\/04\/BASE-PHOTOS-BLOG-77-compressed-400x267.jpg 400w, https:\/\/heymondo.fr\/blog\/wp-content\/uploads\/2026\/04\/BASE-PHOTOS-BLOG-77-compressed-600x400.jpg 600w, https:\/\/heymondo.fr\/blog\/wp-content\/uploads\/2026\/04\/BASE-PHOTOS-BLOG-77-compressed-768x512.jpg 768w, https:\/\/heymondo.fr\/blog\/wp-content\/uploads\/2026\/04\/BASE-PHOTOS-BLOG-77-compressed-800x533.jpg 800w, https:\/\/heymondo.fr\/blog\/wp-content\/uploads\/2026\/04\/BASE-PHOTOS-BLOG-77-compressed.jpg 900w\" sizes=\"(max-width: 900px) 100vw, 900px\" \/><figcaption class=\"wp-element-caption\">Vue sur le Parlement hongrois, Budapest<\/figcaption><\/figure>\n<\/div>\n\n\n<h2 class=\"wp-block-heading\"><span class=\"ez-toc-section\" id=\"Voyagez_et_faites_la_fete_en_toute_securite\"><\/span>Voyagez et faites la f\u00eate en toute s\u00e9curit\u00e9<span class=\"ez-toc-section-end\"><\/span><\/h2>\n\n\n\n<p>Participer \u00e0 un grand festival europ\u00e9en demande une bonne pr\u00e9paration physique et logistique. Le <a href=\"https:\/\/www.diplomatie.gouv.fr\/fr\/information-par-pays\" type=\"link\" id=\"https:\/\/www.diplomatie.gouv.fr\/fr\/information-par-pays\" target=\"_blank\" rel=\"noreferrer noopener\">minist\u00e8re des Affaires \u00e9trang\u00e8res<\/a> conseille vivement de voyager avec une couverture sant\u00e9 adapt\u00e9e. M\u00eame au sein de l&rsquo;Union europ\u00e9enne, les services d&rsquo;urgence priv\u00e9s ne sont pas toujours couverts par la carte europ\u00e9enne.<br><br><strong>Avec Heymondo, vous b\u00e9n\u00e9ficiez :<\/strong><\/p>\n\n\n\n<ul class=\"wp-block-list\">\n<li>d\u2019une <strong>assistance 24h\/24 et 7j\/7<\/strong> dans votre langue via l\u2019app ;<\/li>\n\n\n\n<li>d\u2019une <strong>couverture des frais m\u00e9dicaux<\/strong> en cas de maladie ou d\u2019accident ;<\/li>\n\n\n\n<li>d\u2019une <strong>protection bagages<\/strong> (perte, vol, retard) ;<\/li>\n\n\n\n<li>d\u2019une <strong>assurance annulation<\/strong> (jusqu\u2019\u00e0 <strong>42 causes<\/strong> couvertes) ;<\/li>\n\n\n\n<li>d\u2019une <strong>assistance en cas de retard de vol<\/strong> ou d\u2019incident de transport.<\/li>\n<\/ul>\n\n\n\n<br><br><p class=\"has-text-align-center\"><a class=\"custom-button\" style=\"color: white; width: 250px;\" href=\"https:\/\/heymondo.fr\/assurance-voyage\/\" title=\"Assurance voyage\" target=\"_blank\" rel=\"noopener noreferrer\"> Assurance voyage<\/a><\/p><br>\n","protected":false},"excerpt":{"rendered":"<p>L\u2019\u00e9t\u00e9 est sans aucun doute la meilleure p\u00e9riode pour vibrer  ..<\/p>\n","protected":false},"author":30,"featured_media":42565,"comment_status":"closed","ping_status":"closed","sticky":false,"template":"","format":"standard","meta":{"_themeisle_gutenberg_block_has_review":false,"footnotes":""},"categories":[60],"tags":[],"class_list":["post-42555","post","type-post","status-publish","format-standard","has-post-thumbnail","hentry","category-destinations-itineraires"],"acf":[],"yoast_head":"<!-- This site is optimized with the Yoast SEO plugin v27.4 - https:\/\/yoast.com\/product\/yoast-seo-wordpress\/ -->\n<title>Les festivals de musique \u00e0 ne pas manquer cet \u00e9t\u00e9 en Europe | Heymondo<\/title>\n<meta name=\"description\" content=\"D\u00e9couvrez les meilleurs festivals de musique en Europe pour l&#039;\u00e9t\u00e9 2026 ! Guide complet : dates, artistes, bons plans et visites.\" \/>\n<meta name=\"robots\" content=\"index, follow, max-snippet:-1, max-image-preview:large, max-video-preview:-1\" \/>\n<link rel=\"canonical\" href=\"https:\/\/heymondo.fr\/blog\/festivals-musique-europe\/\" \/>\n<meta property=\"og:locale\" content=\"fr_FR\" \/>\n<meta property=\"og:type\" content=\"article\" \/>\n<meta property=\"og:title\" content=\"Les festivals de musique \u00e0 ne pas manquer cet \u00e9t\u00e9 en Europe | Heymondo\" \/>\n<meta property=\"og:description\" content=\"D\u00e9couvrez les meilleurs festivals de musique en Europe pour l&#039;\u00e9t\u00e9 2026 ! Guide complet : dates, artistes, bons plans et visites.\" \/>\n<meta property=\"og:url\" content=\"https:\/\/heymondo.fr\/blog\/festivals-musique-europe\/\" \/>\n<meta property=\"og:site_name\" content=\"Heymondo\" \/>\n<meta property=\"article:published_time\" content=\"2026-04-28T11:23:33+00:00\" \/>\n<meta property=\"article:modified_time\" content=\"2026-04-28T11:25:39+00:00\" \/>\n<meta property=\"og:image\" content=\"https:\/\/heymondo.fr\/blog\/wp-content\/uploads\/2026\/04\/BLOG-COUVERTURE-18-compressed.jpg\" \/>\n\t<meta property=\"og:image:width\" content=\"1400\" \/>\n\t<meta property=\"og:image:height\" content=\"800\" \/>\n\t<meta property=\"og:image:type\" content=\"image\/jpeg\" \/>\n<meta name=\"author\" content=\"Lucie Grosjean\" \/>\n<meta name=\"twitter:card\" content=\"summary_large_image\" \/>\n<meta name=\"twitter:creator\" content=\"@heymondo_fr\" \/>\n<meta name=\"twitter:site\" content=\"@heymondo_fr\" \/>\n<meta name=\"twitter:label1\" content=\"\u00c9crit par\" \/>\n\t<meta name=\"twitter:data1\" content=\"Lucie Grosjean\" \/>\n\t<meta name=\"twitter:label2\" content=\"Dur\u00e9e de lecture estim\u00e9e\" \/>\n\t<meta name=\"twitter:data2\" content=\"10 minutes\" \/>\n<script type=\"application\/ld+json\" class=\"yoast-schema-graph\">{\"@context\":\"https:\\\/\\\/schema.org\",\"@graph\":[{\"@type\":\"Article\",\"@id\":\"https:\\\/\\\/heymondo.fr\\\/blog\\\/festivals-musique-europe\\\/#article\",\"isPartOf\":{\"@id\":\"https:\\\/\\\/heymondo.fr\\\/blog\\\/festivals-musique-europe\\\/\"},\"author\":{\"name\":\"Lucie Grosjean\",\"@id\":\"https:\\\/\\\/heymondo.fr\\\/blog\\\/#\\\/schema\\\/person\\\/2d3aa321a9d9046b4e03490641f8d3d0\"},\"headline\":\"Les festivals de musique \u00e0 ne pas manquer cet \u00e9t\u00e9 en Europe\",\"datePublished\":\"2026-04-28T11:23:33+00:00\",\"dateModified\":\"2026-04-28T11:25:39+00:00\",\"mainEntityOfPage\":{\"@id\":\"https:\\\/\\\/heymondo.fr\\\/blog\\\/festivals-musique-europe\\\/\"},\"wordCount\":1681,\"image\":{\"@id\":\"https:\\\/\\\/heymondo.fr\\\/blog\\\/festivals-musique-europe\\\/#primaryimage\"},\"thumbnailUrl\":\"https:\\\/\\\/heymondo.fr\\\/blog\\\/wp-content\\\/uploads\\\/2026\\\/04\\\/BLOG-COUVERTURE-18-compressed.jpg\",\"articleSection\":[\"Destinations et itin\u00e9raires\"],\"inLanguage\":\"fr-FR\"},{\"@type\":\"WebPage\",\"@id\":\"https:\\\/\\\/heymondo.fr\\\/blog\\\/festivals-musique-europe\\\/\",\"url\":\"https:\\\/\\\/heymondo.fr\\\/blog\\\/festivals-musique-europe\\\/\",\"name\":\"Les festivals de musique \u00e0 ne pas manquer cet \u00e9t\u00e9 en Europe | Heymondo\",\"isPartOf\":{\"@id\":\"https:\\\/\\\/heymondo.fr\\\/blog\\\/#website\"},\"primaryImageOfPage\":{\"@id\":\"https:\\\/\\\/heymondo.fr\\\/blog\\\/festivals-musique-europe\\\/#primaryimage\"},\"image\":{\"@id\":\"https:\\\/\\\/heymondo.fr\\\/blog\\\/festivals-musique-europe\\\/#primaryimage\"},\"thumbnailUrl\":\"https:\\\/\\\/heymondo.fr\\\/blog\\\/wp-content\\\/uploads\\\/2026\\\/04\\\/BLOG-COUVERTURE-18-compressed.jpg\",\"datePublished\":\"2026-04-28T11:23:33+00:00\",\"dateModified\":\"2026-04-28T11:25:39+00:00\",\"author\":{\"@id\":\"https:\\\/\\\/heymondo.fr\\\/blog\\\/#\\\/schema\\\/person\\\/2d3aa321a9d9046b4e03490641f8d3d0\"},\"description\":\"D\u00e9couvrez les meilleurs festivals de musique en Europe pour l'\u00e9t\u00e9 2026 ! Guide complet : dates, artistes, bons plans et visites.\",\"breadcrumb\":{\"@id\":\"https:\\\/\\\/heymondo.fr\\\/blog\\\/festivals-musique-europe\\\/#breadcrumb\"},\"inLanguage\":\"fr-FR\",\"potentialAction\":[{\"@type\":\"ReadAction\",\"target\":[\"https:\\\/\\\/heymondo.fr\\\/blog\\\/festivals-musique-europe\\\/\"]}]},{\"@type\":\"ImageObject\",\"inLanguage\":\"fr-FR\",\"@id\":\"https:\\\/\\\/heymondo.fr\\\/blog\\\/festivals-musique-europe\\\/#primaryimage\",\"url\":\"https:\\\/\\\/heymondo.fr\\\/blog\\\/wp-content\\\/uploads\\\/2026\\\/04\\\/BLOG-COUVERTURE-18-compressed.jpg\",\"contentUrl\":\"https:\\\/\\\/heymondo.fr\\\/blog\\\/wp-content\\\/uploads\\\/2026\\\/04\\\/BLOG-COUVERTURE-18-compressed.jpg\",\"width\":1400,\"height\":800,\"caption\":\"les festivals de musique \u00e9t\u00e9 europe\"},{\"@type\":\"BreadcrumbList\",\"@id\":\"https:\\\/\\\/heymondo.fr\\\/blog\\\/festivals-musique-europe\\\/#breadcrumb\",\"itemListElement\":[{\"@type\":\"ListItem\",\"position\":1,\"name\":\"Accueil\",\"item\":\"https:\\\/\\\/heymondo.fr\\\/blog\\\/\"},{\"@type\":\"ListItem\",\"position\":2,\"name\":\"Les festivals de musique \u00e0 ne pas manquer cet \u00e9t\u00e9 en Europe\"}]},{\"@type\":\"WebSite\",\"@id\":\"https:\\\/\\\/heymondo.fr\\\/blog\\\/#website\",\"url\":\"https:\\\/\\\/heymondo.fr\\\/blog\\\/\",\"name\":\"Heymondo\",\"description\":\"\",\"potentialAction\":[{\"@type\":\"SearchAction\",\"target\":{\"@type\":\"EntryPoint\",\"urlTemplate\":\"https:\\\/\\\/heymondo.fr\\\/blog\\\/?s={search_term_string}\"},\"query-input\":{\"@type\":\"PropertyValueSpecification\",\"valueRequired\":true,\"valueName\":\"search_term_string\"}}],\"inLanguage\":\"fr-FR\"},{\"@type\":\"Person\",\"@id\":\"https:\\\/\\\/heymondo.fr\\\/blog\\\/#\\\/schema\\\/person\\\/2d3aa321a9d9046b4e03490641f8d3d0\",\"name\":\"Lucie Grosjean\",\"description\":\"Lucie fait partie de l\u2019\u00e9quipe marketing de Heymondo. Elle est une grande passionn\u00e9e de voyages, aime d\u00e9couvrir chaque destination en explorant ses lieux, rencontrant ses habitants et, surtout, d\u00e9gustant les sp\u00e9cialit\u00e9s locales authentiques. Foodie confirm\u00e9e, elle voit dans la gastronomie une mani\u00e8re unique de se connecter aux cultures qu\u2019elle visite. Sur le blog Heymondo, elle partage ses exp\u00e9riences et des conseils pratiques pour inspirer les voyageurs \u00e0 vivre des rencontres authentiques et \u00e0 d\u00e9couvrir de vraies saveurs \u00e0 chaque aventure.\",\"url\":\"https:\\\/\\\/heymondo.fr\\\/blog\\\/author\\\/lucie-grosjean\\\/\"}]}<\/script>\n<!-- \/ Yoast SEO plugin. -->","yoast_head_json":{"title":"Les festivals de musique \u00e0 ne pas manquer cet \u00e9t\u00e9 en Europe | Heymondo","description":"D\u00e9couvrez les meilleurs festivals de musique en Europe pour l'\u00e9t\u00e9 2026 ! Guide complet : dates, artistes, bons plans et visites.","robots":{"index":"index","follow":"follow","max-snippet":"max-snippet:-1","max-image-preview":"max-image-preview:large","max-video-preview":"max-video-preview:-1"},"canonical":"https:\/\/heymondo.fr\/blog\/festivals-musique-europe\/","og_locale":"fr_FR","og_type":"article","og_title":"Les festivals de musique \u00e0 ne pas manquer cet \u00e9t\u00e9 en Europe | Heymondo","og_description":"D\u00e9couvrez les meilleurs festivals de musique en Europe pour l'\u00e9t\u00e9 2026 ! Guide complet : dates, artistes, bons plans et visites.","og_url":"https:\/\/heymondo.fr\/blog\/festivals-musique-europe\/","og_site_name":"Heymondo","article_published_time":"2026-04-28T11:23:33+00:00","article_modified_time":"2026-04-28T11:25:39+00:00","og_image":[{"width":1400,"height":800,"url":"https:\/\/heymondo.fr\/blog\/wp-content\/uploads\/2026\/04\/BLOG-COUVERTURE-18-compressed.jpg","type":"image\/jpeg"}],"author":"Lucie Grosjean","twitter_card":"summary_large_image","twitter_creator":"@heymondo_fr","twitter_site":"@heymondo_fr","twitter_misc":{"\u00c9crit par":"Lucie Grosjean","Dur\u00e9e de lecture estim\u00e9e":"10 minutes"},"schema":{"@context":"https:\/\/schema.org","@graph":[{"@type":"Article","@id":"https:\/\/heymondo.fr\/blog\/festivals-musique-europe\/#article","isPartOf":{"@id":"https:\/\/heymondo.fr\/blog\/festivals-musique-europe\/"},"author":{"name":"Lucie Grosjean","@id":"https:\/\/heymondo.fr\/blog\/#\/schema\/person\/2d3aa321a9d9046b4e03490641f8d3d0"},"headline":"Les festivals de musique \u00e0 ne pas manquer cet \u00e9t\u00e9 en Europe","datePublished":"2026-04-28T11:23:33+00:00","dateModified":"2026-04-28T11:25:39+00:00","mainEntityOfPage":{"@id":"https:\/\/heymondo.fr\/blog\/festivals-musique-europe\/"},"wordCount":1681,"image":{"@id":"https:\/\/heymondo.fr\/blog\/festivals-musique-europe\/#primaryimage"},"thumbnailUrl":"https:\/\/heymondo.fr\/blog\/wp-content\/uploads\/2026\/04\/BLOG-COUVERTURE-18-compressed.jpg","articleSection":["Destinations et itin\u00e9raires"],"inLanguage":"fr-FR"},{"@type":"WebPage","@id":"https:\/\/heymondo.fr\/blog\/festivals-musique-europe\/","url":"https:\/\/heymondo.fr\/blog\/festivals-musique-europe\/","name":"Les festivals de musique \u00e0 ne pas manquer cet \u00e9t\u00e9 en Europe | Heymondo","isPartOf":{"@id":"https:\/\/heymondo.fr\/blog\/#website"},"primaryImageOfPage":{"@id":"https:\/\/heymondo.fr\/blog\/festivals-musique-europe\/#primaryimage"},"image":{"@id":"https:\/\/heymondo.fr\/blog\/festivals-musique-europe\/#primaryimage"},"thumbnailUrl":"https:\/\/heymondo.fr\/blog\/wp-content\/uploads\/2026\/04\/BLOG-COUVERTURE-18-compressed.jpg","datePublished":"2026-04-28T11:23:33+00:00","dateModified":"2026-04-28T11:25:39+00:00","author":{"@id":"https:\/\/heymondo.fr\/blog\/#\/schema\/person\/2d3aa321a9d9046b4e03490641f8d3d0"},"description":"D\u00e9couvrez les meilleurs festivals de musique en Europe pour l'\u00e9t\u00e9 2026 ! Guide complet : dates, artistes, bons plans et visites.","breadcrumb":{"@id":"https:\/\/heymondo.fr\/blog\/festivals-musique-europe\/#breadcrumb"},"inLanguage":"fr-FR","potentialAction":[{"@type":"ReadAction","target":["https:\/\/heymondo.fr\/blog\/festivals-musique-europe\/"]}]},{"@type":"ImageObject","inLanguage":"fr-FR","@id":"https:\/\/heymondo.fr\/blog\/festivals-musique-europe\/#primaryimage","url":"https:\/\/heymondo.fr\/blog\/wp-content\/uploads\/2026\/04\/BLOG-COUVERTURE-18-compressed.jpg","contentUrl":"https:\/\/heymondo.fr\/blog\/wp-content\/uploads\/2026\/04\/BLOG-COUVERTURE-18-compressed.jpg","width":1400,"height":800,"caption":"les festivals de musique \u00e9t\u00e9 europe"},{"@type":"BreadcrumbList","@id":"https:\/\/heymondo.fr\/blog\/festivals-musique-europe\/#breadcrumb","itemListElement":[{"@type":"ListItem","position":1,"name":"Accueil","item":"https:\/\/heymondo.fr\/blog\/"},{"@type":"ListItem","position":2,"name":"Les festivals de musique \u00e0 ne pas manquer cet \u00e9t\u00e9 en Europe"}]},{"@type":"WebSite","@id":"https:\/\/heymondo.fr\/blog\/#website","url":"https:\/\/heymondo.fr\/blog\/","name":"Heymondo","description":"","potentialAction":[{"@type":"SearchAction","target":{"@type":"EntryPoint","urlTemplate":"https:\/\/heymondo.fr\/blog\/?s={search_term_string}"},"query-input":{"@type":"PropertyValueSpecification","valueRequired":true,"valueName":"search_term_string"}}],"inLanguage":"fr-FR"},{"@type":"Person","@id":"https:\/\/heymondo.fr\/blog\/#\/schema\/person\/2d3aa321a9d9046b4e03490641f8d3d0","name":"Lucie Grosjean","description":"Lucie fait partie de l\u2019\u00e9quipe marketing de Heymondo. Elle est une grande passionn\u00e9e de voyages, aime d\u00e9couvrir chaque destination en explorant ses lieux, rencontrant ses habitants et, surtout, d\u00e9gustant les sp\u00e9cialit\u00e9s locales authentiques. Foodie confirm\u00e9e, elle voit dans la gastronomie une mani\u00e8re unique de se connecter aux cultures qu\u2019elle visite. Sur le blog Heymondo, elle partage ses exp\u00e9riences et des conseils pratiques pour inspirer les voyageurs \u00e0 vivre des rencontres authentiques et \u00e0 d\u00e9couvrir de vraies saveurs \u00e0 chaque aventure.","url":"https:\/\/heymondo.fr\/blog\/author\/lucie-grosjean\/"}]}},"featured_image_url":"https:\/\/heymondo.fr\/blog\/wp-content\/uploads\/2026\/04\/BLOG-COUVERTURE-18-compressed.jpg","_links":{"self":[{"href":"https:\/\/heymondo.fr\/blog\/wp-json\/wp\/v2\/posts\/42555","targetHints":{"allow":["GET"]}}],"collection":[{"href":"https:\/\/heymondo.fr\/blog\/wp-json\/wp\/v2\/posts"}],"about":[{"href":"https:\/\/heymondo.fr\/blog\/wp-json\/wp\/v2\/types\/post"}],"author":[{"embeddable":true,"href":"https:\/\/heymondo.fr\/blog\/wp-json\/wp\/v2\/users\/30"}],"replies":[{"embeddable":true,"href":"https:\/\/heymondo.fr\/blog\/wp-json\/wp\/v2\/comments?post=42555"}],"version-history":[{"count":7,"href":"https:\/\/heymondo.fr\/blog\/wp-json\/wp\/v2\/posts\/42555\/revisions"}],"predecessor-version":[{"id":42575,"href":"https:\/\/heymondo.fr\/blog\/wp-json\/wp\/v2\/posts\/42555\/revisions\/42575"}],"wp:featuredmedia":[{"embeddable":true,"href":"https:\/\/heymondo.fr\/blog\/wp-json\/wp\/v2\/media\/42565"}],"wp:attachment":[{"href":"https:\/\/heymondo.fr\/blog\/wp-json\/wp\/v2\/media?parent=42555"}],"wp:term":[{"taxonomy":"category","embeddable":true,"href":"https:\/\/heymondo.fr\/blog\/wp-json\/wp\/v2\/categories?post=42555"},{"taxonomy":"post_tag","embeddable":true,"href":"https:\/\/heymondo.fr\/blog\/wp-json\/wp\/v2\/tags?post=42555"}],"curies":[{"name":"wp","href":"https:\/\/api.w.org\/{rel}","templated":true}]}}