{"id":38928,"date":"2025-07-16T16:38:15","date_gmt":"2025-07-16T14:38:15","guid":{"rendered":"https:\/\/heymondo.fr\/blog\/?p=38928"},"modified":"2025-10-22T12:51:37","modified_gmt":"2025-10-22T10:51:37","slug":"partir-en-septembre","status":"publish","type":"post","link":"https:\/\/heymondo.fr\/blog\/partir-en-septembre\/","title":{"rendered":"15 destinations pour partir en septembre"},"content":{"rendered":"\n<p>Que ce soit pour un road trip entre amis ou en amoureux, vous ne savez pas <strong>o\u00f9 partir en septembre<\/strong> ? Rien de mieux qu&rsquo;un voyage \u00e0 ce moment de l&rsquo;ann\u00e9e pour pallier la morosit\u00e9 de la rentr\u00e9e et profiter de destinations moins fr\u00e9quent\u00e9es qu&rsquo;en plein mois d&rsquo;ao\u00fbt. <\/p>\n\n\n\n<p>Que vous aimiez <strong>le farniente, les plages de sable fin ou les petits villages pittoresques<\/strong>, d\u00e9couvrez nos 15 meilleures destinations de vacances pr\u00e9f\u00e9r\u00e9es \u00e0 visiter au mois de septembre !<\/p>\n\n\n\n<div id=\"ez-toc-container\" class=\"ez-toc-v2_0_82_2 ez-toc-wrap-center counter-hierarchy ez-toc-counter ez-toc-grey ez-toc-container-direction\">\n<div class=\"ez-toc-title-container\"><p class=\"ez-toc-title\" style=\"cursor:inherit\">Sommaire<\/p>\n<\/div><nav><ul class='ez-toc-list ez-toc-list-level-1 ' ><li class='ez-toc-page-1 ez-toc-heading-level-2'><a class=\"ez-toc-link ez-toc-heading-1\" href=\"https:\/\/heymondo.fr\/blog\/partir-en-septembre\/#Cinq_destinations_parfaites_pour_partir_au_soleil\" >Cinq destinations parfaites pour partir au soleil<\/a><ul class='ez-toc-list-level-3' ><li class='ez-toc-heading-level-3'><a class=\"ez-toc-link ez-toc-heading-2\" href=\"https:\/\/heymondo.fr\/blog\/partir-en-septembre\/#Mexique\" >Mexique<\/a><\/li><li class='ez-toc-page-1 ez-toc-heading-level-3'><a class=\"ez-toc-link ez-toc-heading-3\" href=\"https:\/\/heymondo.fr\/blog\/partir-en-septembre\/#Le_Maroc\" >Le Maroc<\/a><\/li><li class='ez-toc-page-1 ez-toc-heading-level-3'><a class=\"ez-toc-link ez-toc-heading-4\" href=\"https:\/\/heymondo.fr\/blog\/partir-en-septembre\/#Les_iles_Grecques\" >Les \u00eeles Grecques<\/a><\/li><li class='ez-toc-page-1 ez-toc-heading-level-3'><a class=\"ez-toc-link ez-toc-heading-5\" href=\"https:\/\/heymondo.fr\/blog\/partir-en-septembre\/#Siargao_Philippines\" >Siargao, Philippines<\/a><\/li><li class='ez-toc-page-1 ez-toc-heading-level-3'><a class=\"ez-toc-link ez-toc-heading-6\" href=\"https:\/\/heymondo.fr\/blog\/partir-en-septembre\/#Madere_Portugal\" >Mad\u00e8re, Portugal<\/a><\/li><\/ul><\/li><li class='ez-toc-page-1 ez-toc-heading-level-2'><a class=\"ez-toc-link ez-toc-heading-7\" href=\"https:\/\/heymondo.fr\/blog\/partir-en-septembre\/#Cinq_destinations_parfaites_pour_partir_loin_en_septembre\" >Cinq destinations parfaites pour partir loin en septembre<\/a><ul class='ez-toc-list-level-3' ><li class='ez-toc-heading-level-3'><a class=\"ez-toc-link ez-toc-heading-8\" href=\"https:\/\/heymondo.fr\/blog\/partir-en-septembre\/#Les_Iles_Galapagos_Equateur\" >Les \u00celes Gal\u00e1pagos, \u00c9quateur<\/a><\/li><li class='ez-toc-page-1 ez-toc-heading-level-3'><a class=\"ez-toc-link ez-toc-heading-9\" href=\"https:\/\/heymondo.fr\/blog\/partir-en-septembre\/#Sapa_Vietnam\" >Sapa, Vietnam<\/a><\/li><li class='ez-toc-page-1 ez-toc-heading-level-3'><a class=\"ez-toc-link ez-toc-heading-10\" href=\"https:\/\/heymondo.fr\/blog\/partir-en-septembre\/#LIle_Maurice_Ocean_Indien\" >L\u2019\u00cele Maurice, Oc\u00e9an Indien<\/a><\/li><li class='ez-toc-page-1 ez-toc-heading-level-3'><a class=\"ez-toc-link ez-toc-heading-11\" href=\"https:\/\/heymondo.fr\/blog\/partir-en-septembre\/#Rio_de_Janeiro_Bresil\" >Rio de Janeiro, Br\u00e9sil<\/a><\/li><li class='ez-toc-page-1 ez-toc-heading-level-3'><a class=\"ez-toc-link ez-toc-heading-12\" href=\"https:\/\/heymondo.fr\/blog\/partir-en-septembre\/#Kyoto_Japon\" >Kyoto, Japon<\/a><\/li><\/ul><\/li><li class='ez-toc-page-1 ez-toc-heading-level-2'><a class=\"ez-toc-link ez-toc-heading-13\" href=\"https:\/\/heymondo.fr\/blog\/partir-en-septembre\/#Cinq_destinations_parfaites_pour_decouvrir_lEurope_en_septembre\" >Cinq destinations parfaites pour d\u00e9couvrir l\u2019Europe en septembre<\/a><ul class='ez-toc-list-level-3' ><li class='ez-toc-heading-level-3'><a class=\"ez-toc-link ez-toc-heading-14\" href=\"https:\/\/heymondo.fr\/blog\/partir-en-septembre\/#Sardaigne_Italie\" >Sardaigne, Italie<\/a><\/li><li class='ez-toc-page-1 ez-toc-heading-level-3'><a class=\"ez-toc-link ez-toc-heading-15\" href=\"https:\/\/heymondo.fr\/blog\/partir-en-septembre\/#Ljubljana_Slovenie\" >Ljubljana, Slov\u00e9nie<\/a><\/li><li class='ez-toc-page-1 ez-toc-heading-level-3'><a class=\"ez-toc-link ez-toc-heading-16\" href=\"https:\/\/heymondo.fr\/blog\/partir-en-septembre\/#Hvar_Croatie\" >Hvar, Croatie<\/a><\/li><li class='ez-toc-page-1 ez-toc-heading-level-3'><a class=\"ez-toc-link ez-toc-heading-17\" href=\"https:\/\/heymondo.fr\/blog\/partir-en-septembre\/#Lofoten_Norvege\" >Lofoten, Norv\u00e8ge<\/a><\/li><li class='ez-toc-page-1 ez-toc-heading-level-3'><a class=\"ez-toc-link ez-toc-heading-18\" href=\"https:\/\/heymondo.fr\/blog\/partir-en-septembre\/#Kotor_Montenegro\" >Kotor, Mont\u00e9n\u00e9gro<\/a><\/li><\/ul><\/li><li class='ez-toc-page-1 ez-toc-heading-level-2'><a class=\"ez-toc-link ez-toc-heading-19\" href=\"https:\/\/heymondo.fr\/blog\/partir-en-septembre\/#Souscrivez_une_assurance_voyage_pour_voyager_lesprit_leger_en_septembre\" >Souscrivez une assurance voyage pour voyager l&rsquo;esprit l\u00e9ger en septembre<\/a><\/li><\/ul><\/nav><\/div>\n<h2 class=\"wp-block-heading\"><span class=\"ez-toc-section\" id=\"Cinq_destinations_parfaites_pour_partir_au_soleil\"><\/span>Cinq destinations parfaites pour partir au soleil<span class=\"ez-toc-section-end\"><\/span><\/h2>\n\n\n\n<p>Vous souhaitez <strong>partir au soleil<\/strong>,<strong> profiter de la plage, d&rsquo;eaux turquoise <\/strong>et d\u2019un temps agr\u00e9able et ensoleill\u00e9 ? Nous avons les destinations id\u00e9ales pour vous ! Voici notre s\u00e9lection de 5 lieux pour faire le plein de vitamine D.<\/p>\n\n\n\n<h3 class=\"wp-block-heading\"><span class=\"ez-toc-section\" id=\"Mexique\"><\/span>Mexique<span class=\"ez-toc-section-end\"><\/span><\/h3>\n\n\n\n<p>Le Mexique souffre de nombreux pr\u00e9jug\u00e9s et on l&rsquo;associe encore tr\u00e8s souvent \u00e0 un pays dangereux. Or, c\u2019est une tr\u00e8s belle destination de vacances. En visitant des lieux comme Canc\u00fan, Playa del Carmen et Tulum, vous serez \u00e9merveill\u00e9 par la beaut\u00e9 des plages du Mexique et par l\u2019hospitalit\u00e9 de ses habitants.<\/p>\n\n\n<div class=\"wp-block-image\">\n<figure class=\"aligncenter size-full is-resized\"><a href=\"https:\/\/heymondo.fr\/assurance-voyage\/mexique\/\" target=\"_blank\" rel=\"noreferrer noopener\"><img decoding=\"async\" width=\"1350\" height=\"328\" src=\"https:\/\/heymondo.fr\/blog\/wp-content\/uploads\/2024\/04\/Mexico.svg\" alt=\"\" class=\"wp-image-41131\" style=\"width:auto;height:230px\"\/><\/a><\/figure>\n<\/div>\n\n\n<p>Et comme le temps est tr\u00e8s ensoleill\u00e9 en septembre, vous appr\u00e9cierez vraiment votre visite. Partez \u00e0 la d\u00e9couverte de ses plages de sable blancs et <a href=\"https:\/\/heymondo.fr\/blog\/pyramides-mexique\/\" target=\"_blank\" rel=\"noreferrer noopener\"><strong><span style=\"text-decoration: underline;\">de <\/span><\/strong><\/a><strong><a href=\"https:\/\/heymondo.fr\/blog\/pyramides-mexique\/\" target=\"_blank\" rel=\"noreferrer noopener\"><span style=\"text-decoration: underline;\">ses pyramides<\/span><\/a><\/strong>.<\/p>\n\n\n\n<h3 class=\"wp-block-heading\"><span class=\"ez-toc-section\" id=\"Le_Maroc\"><\/span>Le Maroc<span class=\"ez-toc-section-end\"><\/span><\/h3>\n\n\n\n<p>\u00c0 seulement quelques heures de vol de l\u2019Europe, <strong>le Maroc est une destination ensoleill\u00e9e <\/strong>qui m\u00eale culture, paysages et d\u00e9paysement. En septembre, les temp\u00e9ratures sont agr\u00e9ables, id\u00e9ales pour explorer<strong> les m\u00e9dinas de F\u00e8s <\/strong>ou <strong>Marrakech <\/strong>sans la chaleur \u00e9touffante de l\u2019\u00e9t\u00e9.<\/p>\n\n\n\n<p>Entre les dunes du d\u00e9sert, <strong>les plages de l\u2019Atlantique <\/strong>et <strong>les montagnes de l\u2019Atlas<\/strong>, le Maroc offre une grande diversit\u00e9 d\u2019exp\u00e9riences. C\u2019est aussi l\u2019occasion de go\u00fbter \u00e0 une cuisine g\u00e9n\u00e9reuse et parfum\u00e9e, et de profiter d\u2019une hospitalit\u00e9 r\u00e9put\u00e9e.<\/p>\n\n\n\n<h3 class=\"wp-block-heading\"><span class=\"ez-toc-section\" id=\"Les_iles_Grecques\"><\/span>Les \u00eeles Grecques<span class=\"ez-toc-section-end\"><\/span><\/h3>\n\n\n\n<p>Les \u00celes grecques, comme <strong>Santorin, Mykonos, Rhodes, Naxos <\/strong>ou la<strong> Cr\u00e8te<\/strong>, sont des lieux parfaits \u00e0 visiter en famille ou m\u00eame en amoureux. En septembre, le temps est toujours tr\u00e8s ensoleill\u00e9 sur ces \u00eeles et il y a beaucoup moins de touristes. Vous profiterez donc de l&rsquo;architecture et de la gastronomie locale  en toute tranquilit\u00e9.<\/p>\n\n\n<div class=\"wp-block-image\">\n<figure class=\"aligncenter size-full\"><img decoding=\"async\" width=\"900\" height=\"600\" src=\"https:\/\/heymondo.fr\/blog\/wp-content\/uploads\/2025\/07\/ou-partir-en-septembre-destination.jpg\" alt=\"D\u00e9couvrez la Cr\u00e8te\" class=\"wp-image-41613\" srcset=\"https:\/\/heymondo.fr\/blog\/wp-content\/uploads\/2025\/07\/ou-partir-en-septembre-destination-200x133.jpg 200w, https:\/\/heymondo.fr\/blog\/wp-content\/uploads\/2025\/07\/ou-partir-en-septembre-destination-300x200.jpg 300w, https:\/\/heymondo.fr\/blog\/wp-content\/uploads\/2025\/07\/ou-partir-en-septembre-destination-400x267.jpg 400w, https:\/\/heymondo.fr\/blog\/wp-content\/uploads\/2025\/07\/ou-partir-en-septembre-destination-600x400.jpg 600w, https:\/\/heymondo.fr\/blog\/wp-content\/uploads\/2025\/07\/ou-partir-en-septembre-destination-768x512.jpg 768w, https:\/\/heymondo.fr\/blog\/wp-content\/uploads\/2025\/07\/ou-partir-en-septembre-destination-800x533.jpg 800w, https:\/\/heymondo.fr\/blog\/wp-content\/uploads\/2025\/07\/ou-partir-en-septembre-destination.jpg 900w\" sizes=\"(max-width: 900px) 100vw, 900px\" \/><figcaption class=\"wp-element-caption\">D\u00e9couvrez la Cr\u00e8te<\/figcaption><\/figure>\n<\/div>\n\n\n<h3 class=\"wp-block-heading\"><span class=\"ez-toc-section\" id=\"Siargao_Philippines\"><\/span>Siargao, Philippines<span class=\"ez-toc-section-end\"><\/span><\/h3>\n\n\n\n<p><strong>Siargao <\/strong>est une \u00eele tropicale d\u2019une tr\u00e8s grande beaut\u00e9. Avec ses<strong> nombreuses plages de sable blanc<\/strong>, ses cocotiers et son climat doux et agr\u00e9able, c\u2019est une destination de vacances parfaite pour partir en septembre. En plus, vous trouverez de nombreux spots de surf ! L\u2019occasion de faire une belle activit\u00e9 en famille.<\/p>\n\n\n\n<h3 class=\"wp-block-heading\"><span class=\"ez-toc-section\" id=\"Madere_Portugal\"><\/span>Mad\u00e8re, Portugal<span class=\"ez-toc-section-end\"><\/span><\/h3>\n\n\n\n<p>Si vous avez toujours r\u00eav\u00e9 de go\u00fbter aux sp\u00e9cialit\u00e9s culinaires du <strong>Portugal<\/strong>, alors filez pour <strong>Mad\u00e8re<\/strong>. Cette somptueuse \u00eele poss\u00e8de des paysages exceptionnels. L\u00e0-bas, vous pourrez y faire de magnifiques photos souvenirs. En septembre, le climat est doux et ensoleill\u00e9. En d\u2019autres termes, c\u2019est la p\u00e9riode id\u00e9ale pour visiter cette tr\u00e8s belle \u00eele !<\/p>\n\n\n\n<h2 class=\"wp-block-heading\"><span class=\"ez-toc-section\" id=\"Cinq_destinations_parfaites_pour_partir_loin_en_septembre\"><\/span>Cinq destinations parfaites pour partir loin en septembre<span class=\"ez-toc-section-end\"><\/span><\/h2>\n\n\n\n<p>Vous voulez vous \u00e9loigner des \u00eeles de la m\u00e9diterran\u00e9e et partir loin en septembre ? \u00c0 l\u2019autre bout du monde, vous trouverez des destinations de r\u00eave, <strong>pour un d\u00e9paysement total<\/strong>. Partir en vacances, c\u2019est bien, mais partir loin, c\u2019est encore mieux. C\u2019est l\u2019occasion de se cr\u00e9er des souvenirs v\u00e9ritablement inoubliables. Voici nos <strong>5 destinations parfaites pour partir loin en septembre<\/strong> !<\/p>\n\n\n\n<h3 class=\"wp-block-heading\"><span class=\"ez-toc-section\" id=\"Les_Iles_Galapagos_Equateur\"><\/span>Les \u00celes Gal\u00e1pagos, \u00c9quateur<span class=\"ez-toc-section-end\"><\/span><\/h3>\n\n\n\n<p>Vous avez certainement d\u00e9j\u00e0 entendu parler des <strong>\u00celes Gal\u00e1pagos <\/strong>? La faune et la flore sont v\u00e9ritablement surprenantes. Les paysages volcaniques que l\u2019on retrouve sur ces \u00eeles sont uniques au monde. Cette destination est une v\u00e9ritable invitation au voyage. Toute la famille pourra s\u2019\u00e9merveiller face aux splendides paysages et aux nombreuses esp\u00e8ces d\u2019animaux que l\u2019on ne trouve pas en France.<\/p>\n\n\n\n<h3 class=\"wp-block-heading\"><span class=\"ez-toc-section\" id=\"Sapa_Vietnam\"><\/span>Sapa, Vietnam<span class=\"ez-toc-section-end\"><\/span><\/h3>\n\n\n\n<p>Le <strong>Vietnam <\/strong>est un magnifique pays d\u2019Asie. Depuis quelques ann\u00e9es, de plus en plus de touristes viennent l&rsquo;explorer, notamment l\u2019\u00e9t\u00e9. Si vous voulez profiter d\u2019un climat doux, alors vous devez absolument venir visiter <strong>Sapa <\/strong>en septembre. <\/p>\n\n\n\n<p>Cette commune se trouve dans <strong>les montagnes du nord du Vietnam<\/strong>. Si vous comptez vous rendre \u00e0 Sapa, surtout ne passez pas \u00e0 c\u00f4t\u00e9 de ses magnifiques <strong>rizi\u00e8res en terrasses<\/strong>. Profitez-en, aussi, pour partir \u00e0 la d\u00e9couverte des cultures tribales de la r\u00e9gion !<\/p>\n\n\n<div class=\"wp-block-image\">\n<figure class=\"aligncenter size-full\"><img decoding=\"async\" width=\"900\" height=\"600\" src=\"https:\/\/heymondo.fr\/blog\/wp-content\/uploads\/2025\/07\/ou-partir-en-septembre-destination-1.jpg\" alt=\"Les rizi\u00e8res de Sapa\" class=\"wp-image-41614\" srcset=\"https:\/\/heymondo.fr\/blog\/wp-content\/uploads\/2025\/07\/ou-partir-en-septembre-destination-1-200x133.jpg 200w, https:\/\/heymondo.fr\/blog\/wp-content\/uploads\/2025\/07\/ou-partir-en-septembre-destination-1-300x200.jpg 300w, https:\/\/heymondo.fr\/blog\/wp-content\/uploads\/2025\/07\/ou-partir-en-septembre-destination-1-400x267.jpg 400w, https:\/\/heymondo.fr\/blog\/wp-content\/uploads\/2025\/07\/ou-partir-en-septembre-destination-1-600x400.jpg 600w, https:\/\/heymondo.fr\/blog\/wp-content\/uploads\/2025\/07\/ou-partir-en-septembre-destination-1-768x512.jpg 768w, https:\/\/heymondo.fr\/blog\/wp-content\/uploads\/2025\/07\/ou-partir-en-septembre-destination-1-800x533.jpg 800w, https:\/\/heymondo.fr\/blog\/wp-content\/uploads\/2025\/07\/ou-partir-en-septembre-destination-1.jpg 900w\" sizes=\"(max-width: 900px) 100vw, 900px\" \/><figcaption class=\"wp-element-caption\">Les rizi\u00e8res de Sapa<\/figcaption><\/figure>\n<\/div>\n\n\n<p>Et si vous voulez en savoir plus sur le pays avant de partir, surtout n&rsquo;h\u00e9sitez pas \u00e0 consulter la page du <a href=\"https:\/\/www.diplomatie.gouv.fr\/fr\/conseils-aux-voyageurs\/conseils-par-pays-destination\/vietnam\/\" target=\"_blank\" rel=\"noreferrer noopener\">Minist\u00e8re des Affaires \u00c9trang\u00e8res sur le pays<\/a>.<\/p>\n\n\n\n<h3 class=\"wp-block-heading\"><span class=\"ez-toc-section\" id=\"LIle_Maurice_Ocean_Indien\"><\/span>L\u2019\u00cele Maurice, Oc\u00e9an Indien<span class=\"ez-toc-section-end\"><\/span><\/h3>\n\n\n\n<p>En plein c\u0153ur de l\u2019Oc\u00e9an Indien, on retrouve l\u2019<strong>\u00cele Maurice<\/strong>, une \u00eele magnifique que vous prendrez plaisir \u00e0 explorer dans son enti\u00e8ret\u00e9. L\u00e0-bas, vous serez accueilli les bras ouverts par les habitants qui sont d\u2019une grande gentillesse. <\/p>\n\n\n\n<p>Septembre marque le d\u00e9but du printemps \u00e0 l\u2019<a href=\"https:\/\/heymondo.fr\/blog\/cascade-sous-marine-ile-maurice\/\" target=\"_blank\" rel=\"noreferrer noopener\">\u00cele Maurice<\/a>, par cons\u00e9quent, les temp\u00e9ratures sont chaudes et la mer est calme. Que demander de plus quand on veut passer des vacances reposantes ? Allongez-vous sur le sable et profitez de l&rsquo;instant pr\u00e9sent. L&rsquo;\u00cele Maurice a tellement \u00e0 vous offrir que vous aurez beaucoup de mal \u00e0 la quitter.<\/p>\n\n\n\n<h3 class=\"wp-block-heading\"><span class=\"ez-toc-section\" id=\"Rio_de_Janeiro_Bresil\"><\/span>Rio de Janeiro, Br\u00e9sil<span class=\"ez-toc-section-end\"><\/span><\/h3>\n\n\n\n<p><strong>Rio de Janeiro <\/strong>au Br\u00e9sil est mondialement connue pour<strong> son c\u00e9l\u00e8bre carnaval<\/strong>. Cela tombe bien puisque ce carnaval a lieu en septembre ! Il serait donc dommage de ne pas y assister. Tout comme le Mexique, le Br\u00e9sil provoque quelques appr\u00e9hensions de la part des touristes, mais une fois que vous serez sur place et que vous vous baladerez sur les somptueuses plages, tous vos pr\u00e9jug\u00e9s s\u2019estomperont. <\/p>\n\n\n<div class=\"wp-block-image\">\n<figure class=\"aligncenter size-full\"><img decoding=\"async\" width=\"900\" height=\"600\" src=\"https:\/\/heymondo.fr\/blog\/wp-content\/uploads\/2025\/07\/ou-partir-en-septembre-destination-2.jpg\" alt=\" La baie de Rio\" class=\"wp-image-41615\" srcset=\"https:\/\/heymondo.fr\/blog\/wp-content\/uploads\/2025\/07\/ou-partir-en-septembre-destination-2-200x133.jpg 200w, https:\/\/heymondo.fr\/blog\/wp-content\/uploads\/2025\/07\/ou-partir-en-septembre-destination-2-300x200.jpg 300w, https:\/\/heymondo.fr\/blog\/wp-content\/uploads\/2025\/07\/ou-partir-en-septembre-destination-2-400x267.jpg 400w, https:\/\/heymondo.fr\/blog\/wp-content\/uploads\/2025\/07\/ou-partir-en-septembre-destination-2-600x400.jpg 600w, https:\/\/heymondo.fr\/blog\/wp-content\/uploads\/2025\/07\/ou-partir-en-septembre-destination-2-768x512.jpg 768w, https:\/\/heymondo.fr\/blog\/wp-content\/uploads\/2025\/07\/ou-partir-en-septembre-destination-2-800x533.jpg 800w, https:\/\/heymondo.fr\/blog\/wp-content\/uploads\/2025\/07\/ou-partir-en-septembre-destination-2.jpg 900w\" sizes=\"(max-width: 900px) 100vw, 900px\" \/><figcaption class=\"wp-element-caption\"> La baie de Rio<\/figcaption><\/figure>\n<\/div>\n\n\n<p>La vie nocturne est tr\u00e8s anim\u00e9e \u00e0 Rio de Janeiro, ce qui est parfait pour sortir, faire la f\u00eate et s\u2019amuser.<strong> Rio de Janeiro<\/strong> est une destination de vacances id\u00e9ale en couple ou entre amis. Il y a beaucoup d&rsquo;activit\u00e9s tr\u00e8s int\u00e9ressantes \u00e0 faire dans cette commune.<\/p>\n\n\n\n<h3 class=\"wp-block-heading\"><span class=\"ez-toc-section\" id=\"Kyoto_Japon\"><\/span>Kyoto, Japon<span class=\"ez-toc-section-end\"><\/span><\/h3>\n\n\n\n<p>Le <strong>Japon<\/strong>, nous le savons, est un pays o\u00f9 tout le monde r\u00eave, secr\u00e8tement de s\u2019y rendre au moins une fois dans sa vie. Il faut dire que ses paysages sont d\u2019une rare beaut\u00e9, les habitants sont accueillants et ont toujours le sourire. Que vous soyez amateur de culture japonaise ou simplement curieux de d\u00e9couvrir <strong>les somptueux temples du Japon<\/strong>, nous vous conseillons d\u2019aller visiter <strong>Kyoto <\/strong>en septembre.<\/p>\n\n\n<div class=\"wp-block-image\">\n<figure class=\"aligncenter size-full is-resized\"><a href=\"https:\/\/heymondo.fr\/assurance-voyage\/japon\/\" target=\"_blank\" rel=\"noreferrer noopener\"><img decoding=\"async\" width=\"1350\" height=\"328\" src=\"https:\/\/heymondo.fr\/blog\/wp-content\/uploads\/2025\/07\/JAPON.svg\" alt=\"\" class=\"wp-image-41609\" style=\"width:auto;height:230px\"\/><\/a><\/figure>\n<\/div>\n\n\n<p>Vous pourrez faire de belles photos des feuilles d\u2019automne color\u00e9es, vous promener dans les jardins traditionnels et d\u00e9couvrir une culture bienveillante tr\u00e8s diff\u00e9rente de la culture fran\u00e7aise. Les <strong>sp\u00e9cialit\u00e9s culinaires du Japon<\/strong> valent vraiment le d\u00e9tour. Vous pourrez go\u00fbter \u00e0 des plats typiques du pays et faire le tour des boutiques de souvenirs pour remplir vos valises de cadeaux pour vos proches !<\/p>\n\n\n\n<h2 class=\"wp-block-heading\"><span class=\"ez-toc-section\" id=\"Cinq_destinations_parfaites_pour_decouvrir_lEurope_en_septembre\"><\/span>Cinq destinations parfaites pour d\u00e9couvrir l\u2019Europe en septembre<span class=\"ez-toc-section-end\"><\/span><\/h2>\n\n\n\n<p>La plupart des gens pensent qu&rsquo;il faut forc\u00e9ment partir loin pour trouver des <strong>paysages d\u00e9paysants<\/strong>. Pourtant, en Europe, vous trouverez des lieux incroyablement diff\u00e9rents de la France. Si vous ne pouvez pas vous permettre de prendre beaucoup de jours de cong\u00e9s, il vous suffit de d\u00e9couvrir toutes les richesses de l\u2019Europe. Voici donc 5 destinations parfaites pour d\u00e9couvrir l\u2019Europe en septembre.<\/p>\n\n\n\n<h3 class=\"wp-block-heading\"><span class=\"ez-toc-section\" id=\"Sardaigne_Italie\"><\/span>Sardaigne, Italie<span class=\"ez-toc-section-end\"><\/span><\/h3>\n\n\n\n<p>Comment parler de l\u2019Europe sans \u00e9voquer <strong>l\u2019Italie <\/strong>et surtout <strong>la Sardaigne<\/strong>. C\u2019est une tr\u00e8s jolie \u00eele o\u00f9 le climat est particuli\u00e8rement doux en septembre. Il y a aussi beaucoup moins de touristes, ce qui rendra vos vacances bien plus int\u00e9ressantes. Profitez-en pour go\u00fbter aux sp\u00e9cialit\u00e9s culinaires locales, vous pourriez avoir quelques belles surprises ! <\/p>\n\n\n<div class=\"wp-block-image\">\n<figure class=\"aligncenter size-full\"><img decoding=\"async\" width=\"900\" height=\"600\" src=\"https:\/\/heymondo.fr\/blog\/wp-content\/uploads\/2025\/07\/ou-partir-en-septembre-destination-3.jpg\" alt=\"En Sardaigne, le cadre de vie est exceptionnel\" class=\"wp-image-41616\" srcset=\"https:\/\/heymondo.fr\/blog\/wp-content\/uploads\/2025\/07\/ou-partir-en-septembre-destination-3-200x133.jpg 200w, https:\/\/heymondo.fr\/blog\/wp-content\/uploads\/2025\/07\/ou-partir-en-septembre-destination-3-300x200.jpg 300w, https:\/\/heymondo.fr\/blog\/wp-content\/uploads\/2025\/07\/ou-partir-en-septembre-destination-3-400x267.jpg 400w, https:\/\/heymondo.fr\/blog\/wp-content\/uploads\/2025\/07\/ou-partir-en-septembre-destination-3-600x400.jpg 600w, https:\/\/heymondo.fr\/blog\/wp-content\/uploads\/2025\/07\/ou-partir-en-septembre-destination-3-768x512.jpg 768w, https:\/\/heymondo.fr\/blog\/wp-content\/uploads\/2025\/07\/ou-partir-en-septembre-destination-3-800x533.jpg 800w, https:\/\/heymondo.fr\/blog\/wp-content\/uploads\/2025\/07\/ou-partir-en-septembre-destination-3.jpg 900w\" sizes=\"(max-width: 900px) 100vw, 900px\" \/><figcaption class=\"wp-element-caption\">En Sardaigne, le cadre de vie est exceptionnel<\/figcaption><\/figure>\n<\/div>\n\n\n<p>En <strong>Sardaigne<\/strong>, le cadre de vie est exceptionnel. Les gens sont chaleureux et tr\u00e8s accueillants. Vous vous sentirez comme chez vous ! <\/p>\n\n\n\n<h3 class=\"wp-block-heading\"><span class=\"ez-toc-section\" id=\"Ljubljana_Slovenie\"><\/span>Ljubljana, Slov\u00e9nie<span class=\"ez-toc-section-end\"><\/span><\/h3>\n\n\n\n<p>Embarquez pour la <strong>Slov\u00e9nie <\/strong>en partant \u00e0 la d\u00e9couverte de <strong>Ljubljana<\/strong>, la capitale. Ce n\u2019est pas forc\u00e9ment la destination de vacances la plus connue, mais elle vous offrira des moments merveilleux. <strong>Ljubljana <\/strong>est une ville tr\u00e8s charmante o\u00f9 l\u2019atmosph\u00e8re est calme et d\u00e9tendue. Le cadre de vie est agr\u00e9able et vous appr\u00e9cierez tr\u00e8s certainement son architecture pittoresque.<\/p>\n\n\n\n<p>Septembre est<strong> le mois id\u00e9al pour venir visiter la Slov\u00e9nie<\/strong>, alors pourquoi ne pas en profiter ? La Slov\u00e9nie est une destination de vacances assez originales o\u00f9 vous ne serez pas g\u00ean\u00e9 par l&rsquo;afflux de touristes.<\/p>\n\n\n\n<h3 class=\"wp-block-heading\"><span class=\"ez-toc-section\" id=\"Hvar_Croatie\"><\/span>Hvar, Croatie<span class=\"ez-toc-section-end\"><\/span><\/h3>\n\n\n\n<p>La Croatie n\u2019est pas toujours une destination que l\u2019on privil\u00e9gie \u00e0 cette p\u00e9riode de l&rsquo;ann\u00e9e, pourtant <strong>l\u2019\u00eele de Hvar<\/strong> est pleine de charme. Au cours de votre visite de la <strong>Croatie<\/strong>, vous appr\u00e9cierez les jolies petites plages de Hvar ainsi que sa vieille ville. <\/p>\n\n\n<div class=\"wp-block-image\">\n<figure class=\"aligncenter size-full\"><img decoding=\"async\" width=\"900\" height=\"600\" src=\"https:\/\/heymondo.fr\/blog\/wp-content\/uploads\/2025\/07\/ou-partir-en-septembre-destination-1-1.jpg\" alt=\"Vue de Hvar\" class=\"wp-image-41617\" srcset=\"https:\/\/heymondo.fr\/blog\/wp-content\/uploads\/2025\/07\/ou-partir-en-septembre-destination-1-1-200x133.jpg 200w, https:\/\/heymondo.fr\/blog\/wp-content\/uploads\/2025\/07\/ou-partir-en-septembre-destination-1-1-300x200.jpg 300w, https:\/\/heymondo.fr\/blog\/wp-content\/uploads\/2025\/07\/ou-partir-en-septembre-destination-1-1-400x267.jpg 400w, https:\/\/heymondo.fr\/blog\/wp-content\/uploads\/2025\/07\/ou-partir-en-septembre-destination-1-1-600x400.jpg 600w, https:\/\/heymondo.fr\/blog\/wp-content\/uploads\/2025\/07\/ou-partir-en-septembre-destination-1-1-768x512.jpg 768w, https:\/\/heymondo.fr\/blog\/wp-content\/uploads\/2025\/07\/ou-partir-en-septembre-destination-1-1-800x533.jpg 800w, https:\/\/heymondo.fr\/blog\/wp-content\/uploads\/2025\/07\/ou-partir-en-septembre-destination-1-1.jpg 900w\" sizes=\"(max-width: 900px) 100vw, 900px\" \/><figcaption class=\"wp-element-caption\">Vue de Hvar<\/figcaption><\/figure>\n<\/div>\n\n\n<p>En voyageant en septembre, vous \u00e9viterez l\u2019afflux touristique de l\u2019\u00e9t\u00e9, ce qui n\u2019est pas n\u00e9gligeable et profiterez des lieux comme il se doit.<\/p>\n\n\n\n<h3 class=\"wp-block-heading\"><span class=\"ez-toc-section\" id=\"Lofoten_Norvege\"><\/span>Lofoten, Norv\u00e8ge<span class=\"ez-toc-section-end\"><\/span><\/h3>\n\n\n\n<p>S\u2019il y a bien une chose \u00e0 faire au moins une fois dans sa vie, c\u2019est venir contempler <strong>les aurores bor\u00e9ales de Lofoten en Norv\u00e8ge<\/strong>. Elles sont connues dans le monde entier et attirent beaucoup de touristes qui ne veulent les manquer pour rien au monde.<\/p>\n\n\n\n<p>Mais les aurores bor\u00e9ales ne sont pas les seules richesses de Lofoten, bien au contraire. En passant des vacances l\u00e0-bas, vous d\u00e9couvrir<strong> un archipel spectaculaire <\/strong>situ\u00e9 au nord de la Norv\u00e8ge avec des paysages \u00e9poustouflants. Vous pourrez m\u00eame profiter de vos vacances pour en apprendre plus sur la p\u00eache traditionnelle qui est tr\u00e8s pr\u00e9sente en Norv\u00e8ge.<\/p>\n\n\n\n<h3 id=\"wp-block-themeisle-blocks-advanced-heading-44446444\" class=\"wp-block-themeisle-blocks-advanced-heading wp-block-themeisle-blocks-advanced-heading-44446444\"><span class=\"ez-toc-section\" id=\"Kotor_Montenegro\"><\/span>Kotor, Mont\u00e9n\u00e9gro<span class=\"ez-toc-section-end\"><\/span><\/h3>\n\n\n\n<p>Si vous ne connaissez pas <strong>Kotor <\/strong>au <strong>Mont\u00e9n\u00e9gro<\/strong>, nous vous conseillons de partir en vacances l\u00e0-bas en septembre. Il s\u2019agit d\u2019une petite commune m\u00e9di\u00e9vale <strong>au bord de la mer Adriatique<\/strong>. Les balades \u00e0 <strong>Kotor <\/strong>sont de toute beaut\u00e9. Vous d\u00e9couvrirez des paysages \u00e0 couper le souffle et profiterez d\u2019une vue imprenable sur les montagnes et la baie de Kotor. <\/p>\n\n\n\n<p>La plupart des gens veulent absolument partir en vacances en plein \u00e9t\u00e9 pour profiter de la plage, du soleil et de diverses activit\u00e9s. En d\u00e9calant un peu vos vacances pour partir en septembre, vous pourrez<strong> profiter d\u2019un climat doux et ensoleill\u00e9 dans la majorit\u00e9 des destinations qui vous int\u00e9ressent<\/strong>. De plus, en septembre, il y a beaucoup moins de touristes, ce qui est beaucoup plus agr\u00e9able.<\/p>\n\n\n<div class=\"wp-block-image\">\n<figure class=\"aligncenter size-full\"><img decoding=\"async\" width=\"900\" height=\"600\" src=\"https:\/\/heymondo.fr\/blog\/wp-content\/uploads\/2025\/07\/ou-partir-en-septembre-destination-2-1.jpg\" alt=\"La baie de Kotor\" class=\"wp-image-41618\" srcset=\"https:\/\/heymondo.fr\/blog\/wp-content\/uploads\/2025\/07\/ou-partir-en-septembre-destination-2-1-200x133.jpg 200w, https:\/\/heymondo.fr\/blog\/wp-content\/uploads\/2025\/07\/ou-partir-en-septembre-destination-2-1-300x200.jpg 300w, https:\/\/heymondo.fr\/blog\/wp-content\/uploads\/2025\/07\/ou-partir-en-septembre-destination-2-1-400x267.jpg 400w, https:\/\/heymondo.fr\/blog\/wp-content\/uploads\/2025\/07\/ou-partir-en-septembre-destination-2-1-600x400.jpg 600w, https:\/\/heymondo.fr\/blog\/wp-content\/uploads\/2025\/07\/ou-partir-en-septembre-destination-2-1-768x512.jpg 768w, https:\/\/heymondo.fr\/blog\/wp-content\/uploads\/2025\/07\/ou-partir-en-septembre-destination-2-1-800x533.jpg 800w, https:\/\/heymondo.fr\/blog\/wp-content\/uploads\/2025\/07\/ou-partir-en-septembre-destination-2-1.jpg 900w\" sizes=\"(max-width: 900px) 100vw, 900px\" \/><figcaption class=\"wp-element-caption\">La baie de Kotor<\/figcaption><\/figure>\n<\/div>\n\n\n<p>Alors quelle que soit la destination, pr\u00e9f\u00e9rez partir en septembre, vous passerez de bien meilleures vacances. Et rassurez-vous ! En septembre, vous profiterez encore des chaudes temp\u00e9ratures sans tous les inconv\u00e9nients de l&rsquo;\u00e9t\u00e9.<\/p>\n\n\n\n<h2 class=\"wp-block-heading\"><span class=\"ez-toc-section\" id=\"Souscrivez_une_assurance_voyage_pour_voyager_lesprit_leger_en_septembre\"><\/span>Souscrivez une assurance voyage pour voyager l&rsquo;esprit l\u00e9ger en septembre<span class=\"ez-toc-section-end\"><\/span><\/h2>\n\n\n\n<p>Si vous voulez partir en vacances en toute s\u00e9r\u00e9nit\u00e9, pensez \u00e9galement \u00e0 souscrire une <strong>assurance voyage Heymondo<\/strong>. En effet, lorsque vous vous trouvez en vacances dans un autre pays, si vous faites un accident, par exemple, il est tr\u00e8s important d\u2019<strong>\u00eatre bien prot\u00e9g\u00e9 gr\u00e2ce \u00e0 une assurance voyage<\/strong>.<\/p>\n\n\n\n<p>Par cons\u00e9quent, si vous avez pr\u00e9vu de partir prochainement en vacances en Europe ou m\u00eame \u00e0 l\u2019autre bout du monde, d\u00e9couvrez nos assurances voyage, elles sont 100 % personnalisables, vous offrent une large couverture m\u00e9dicale ainsi qu\u2019une application d\u2019assistance disponible 24h\/24 et 7j\/7.<\/p>\n\n\n\n<p class=\"has-text-align-center\"><a class=\"custom-button\" style=\"color: white; width: 250px;\" title=\"Assurance voyage\" href=\"https:\/\/heymondo.fr\/assurance-voyage\/\" target=\"_blank\" rel=\"noopener noreferrer\">Assurance voyage internationale<\/a><\/p>\n","protected":false},"excerpt":{"rendered":"<p>Que ce soit pour un road trip entre amis ou  ..<\/p>\n","protected":false},"author":14,"featured_media":41620,"comment_status":"closed","ping_status":"closed","sticky":false,"template":"","format":"standard","meta":{"_themeisle_gutenberg_block_has_review":false,"footnotes":""},"categories":[60],"tags":[],"class_list":["post-38928","post","type-post","status-publish","format-standard","has-post-thumbnail","hentry","category-destinations-itineraires"],"acf":[],"yoast_head":"<!-- This site is optimized with the Yoast SEO plugin v27.4 - https:\/\/yoast.com\/product\/yoast-seo-wordpress\/ -->\n<title>D\u00e9couvrez o\u00f9 partir en septembre<\/title>\n<meta name=\"description\" content=\"D\u00e9couvrez 15 destinations uniques pour voyager au mois de septembre et profiter de la fin de l&#039;\u00e9t\u00e9 en \u00e9vitant les foules.\" \/>\n<meta name=\"robots\" content=\"index, follow, max-snippet:-1, max-image-preview:large, max-video-preview:-1\" \/>\n<link rel=\"canonical\" href=\"https:\/\/heymondo.fr\/blog\/partir-en-septembre\/\" \/>\n<meta property=\"og:locale\" content=\"fr_FR\" \/>\n<meta property=\"og:type\" content=\"article\" \/>\n<meta property=\"og:title\" content=\"D\u00e9couvrez o\u00f9 partir en septembre\" \/>\n<meta property=\"og:description\" content=\"D\u00e9couvrez 15 destinations uniques pour voyager au mois de septembre et profiter de la fin de l&#039;\u00e9t\u00e9 en \u00e9vitant les foules.\" \/>\n<meta property=\"og:url\" content=\"https:\/\/heymondo.fr\/blog\/partir-en-septembre\/\" \/>\n<meta property=\"og:site_name\" content=\"Heymondo\" \/>\n<meta property=\"article:published_time\" content=\"2025-07-16T14:38:15+00:00\" \/>\n<meta property=\"article:modified_time\" content=\"2025-10-22T10:51:37+00:00\" \/>\n<meta property=\"og:image\" content=\"https:\/\/heymondo.fr\/blog\/wp-content\/uploads\/2025\/07\/BLOG-COUVERTURE-2.jpg\" \/>\n\t<meta property=\"og:image:width\" content=\"1400\" \/>\n\t<meta property=\"og:image:height\" content=\"800\" \/>\n\t<meta property=\"og:image:type\" content=\"image\/jpeg\" \/>\n<meta name=\"author\" content=\"\u00c9quipe \u00e9ditoriale\" \/>\n<meta name=\"twitter:card\" content=\"summary_large_image\" \/>\n<meta name=\"twitter:creator\" content=\"@heymondo_fr\" \/>\n<meta name=\"twitter:site\" content=\"@heymondo_fr\" \/>\n<meta name=\"twitter:label1\" content=\"\u00c9crit par\" \/>\n\t<meta name=\"twitter:data1\" content=\"\u00c9quipe \u00e9ditoriale\" \/>\n\t<meta name=\"twitter:label2\" content=\"Dur\u00e9e de lecture estim\u00e9e\" \/>\n\t<meta name=\"twitter:data2\" content=\"11 minutes\" \/>\n<script type=\"application\/ld+json\" class=\"yoast-schema-graph\">{\"@context\":\"https:\\\/\\\/schema.org\",\"@graph\":[{\"@type\":\"Article\",\"@id\":\"https:\\\/\\\/heymondo.fr\\\/blog\\\/partir-en-septembre\\\/#article\",\"isPartOf\":{\"@id\":\"https:\\\/\\\/heymondo.fr\\\/blog\\\/partir-en-septembre\\\/\"},\"author\":{\"name\":\"\u00c9quipe \u00e9ditoriale\",\"@id\":\"https:\\\/\\\/heymondo.fr\\\/blog\\\/#\\\/schema\\\/person\\\/f98ec04efa5b49ad5eaed12c2ff69fd3\"},\"headline\":\"15 destinations pour partir en septembre\",\"datePublished\":\"2025-07-16T14:38:15+00:00\",\"dateModified\":\"2025-10-22T10:51:37+00:00\",\"mainEntityOfPage\":{\"@id\":\"https:\\\/\\\/heymondo.fr\\\/blog\\\/partir-en-septembre\\\/\"},\"wordCount\":1968,\"image\":{\"@id\":\"https:\\\/\\\/heymondo.fr\\\/blog\\\/partir-en-septembre\\\/#primaryimage\"},\"thumbnailUrl\":\"https:\\\/\\\/heymondo.fr\\\/blog\\\/wp-content\\\/uploads\\\/2025\\\/07\\\/BLOG-COUVERTURE-2.jpg\",\"articleSection\":[\"Destinations et itin\u00e9raires\"],\"inLanguage\":\"fr-FR\"},{\"@type\":\"WebPage\",\"@id\":\"https:\\\/\\\/heymondo.fr\\\/blog\\\/partir-en-septembre\\\/\",\"url\":\"https:\\\/\\\/heymondo.fr\\\/blog\\\/partir-en-septembre\\\/\",\"name\":\"D\u00e9couvrez o\u00f9 partir en septembre\",\"isPartOf\":{\"@id\":\"https:\\\/\\\/heymondo.fr\\\/blog\\\/#website\"},\"primaryImageOfPage\":{\"@id\":\"https:\\\/\\\/heymondo.fr\\\/blog\\\/partir-en-septembre\\\/#primaryimage\"},\"image\":{\"@id\":\"https:\\\/\\\/heymondo.fr\\\/blog\\\/partir-en-septembre\\\/#primaryimage\"},\"thumbnailUrl\":\"https:\\\/\\\/heymondo.fr\\\/blog\\\/wp-content\\\/uploads\\\/2025\\\/07\\\/BLOG-COUVERTURE-2.jpg\",\"datePublished\":\"2025-07-16T14:38:15+00:00\",\"dateModified\":\"2025-10-22T10:51:37+00:00\",\"author\":{\"@id\":\"https:\\\/\\\/heymondo.fr\\\/blog\\\/#\\\/schema\\\/person\\\/f98ec04efa5b49ad5eaed12c2ff69fd3\"},\"description\":\"D\u00e9couvrez 15 destinations uniques pour voyager au mois de septembre et profiter de la fin de l'\u00e9t\u00e9 en \u00e9vitant les foules.\",\"breadcrumb\":{\"@id\":\"https:\\\/\\\/heymondo.fr\\\/blog\\\/partir-en-septembre\\\/#breadcrumb\"},\"inLanguage\":\"fr-FR\",\"potentialAction\":[{\"@type\":\"ReadAction\",\"target\":[\"https:\\\/\\\/heymondo.fr\\\/blog\\\/partir-en-septembre\\\/\"]}]},{\"@type\":\"ImageObject\",\"inLanguage\":\"fr-FR\",\"@id\":\"https:\\\/\\\/heymondo.fr\\\/blog\\\/partir-en-septembre\\\/#primaryimage\",\"url\":\"https:\\\/\\\/heymondo.fr\\\/blog\\\/wp-content\\\/uploads\\\/2025\\\/07\\\/BLOG-COUVERTURE-2.jpg\",\"contentUrl\":\"https:\\\/\\\/heymondo.fr\\\/blog\\\/wp-content\\\/uploads\\\/2025\\\/07\\\/BLOG-COUVERTURE-2.jpg\",\"width\":1400,\"height\":800,\"caption\":\"15 destinations pour partir en septembre\"},{\"@type\":\"BreadcrumbList\",\"@id\":\"https:\\\/\\\/heymondo.fr\\\/blog\\\/partir-en-septembre\\\/#breadcrumb\",\"itemListElement\":[{\"@type\":\"ListItem\",\"position\":1,\"name\":\"Accueil\",\"item\":\"https:\\\/\\\/heymondo.fr\\\/blog\\\/\"},{\"@type\":\"ListItem\",\"position\":2,\"name\":\"15 destinations pour partir en septembre\"}]},{\"@type\":\"WebSite\",\"@id\":\"https:\\\/\\\/heymondo.fr\\\/blog\\\/#website\",\"url\":\"https:\\\/\\\/heymondo.fr\\\/blog\\\/\",\"name\":\"Heymondo\",\"description\":\"\",\"potentialAction\":[{\"@type\":\"SearchAction\",\"target\":{\"@type\":\"EntryPoint\",\"urlTemplate\":\"https:\\\/\\\/heymondo.fr\\\/blog\\\/?s={search_term_string}\"},\"query-input\":{\"@type\":\"PropertyValueSpecification\",\"valueRequired\":true,\"valueName\":\"search_term_string\"}}],\"inLanguage\":\"fr-FR\"},{\"@type\":\"Person\",\"@id\":\"https:\\\/\\\/heymondo.fr\\\/blog\\\/#\\\/schema\\\/person\\\/f98ec04efa5b49ad5eaed12c2ff69fd3\",\"name\":\"\u00c9quipe \u00e9ditoriale\",\"description\":\"L'\u00e9quipe de r\u00e9dacteurs de Heymondo est compos\u00e9e de professionnels qui ont explor\u00e9 une grande partie du monde et qui souhaitent inspirer d'autres voyageurs \u00e0 suivre leurs traces. Notre \u00e9quipe est toujours attentive aux derni\u00e8res tendances en mati\u00e8re de voyages et, avant de faire toute recommandation dans ses articles, elle v\u00e9rifie les informations sur la s\u00e9curit\u00e9 de la destination aupr\u00e8s de sources officielles. Notre priorit\u00e9 est que vous voyagiez en toute s\u00e9curit\u00e9, c'est pourquoi dans les articles de Heymondo, vous trouverez des conseils utiles sur la s\u00e9curit\u00e9 lors de vos voyages, la sant\u00e9, les vaccins ou les exigences d'entr\u00e9e dans le pays, etc. Parmi toutes les recommandations, la plus importante est que vous voyagiez toujours avec votre meilleur compagnon : votre assurance voyage Heymondo.\",\"url\":\"https:\\\/\\\/heymondo.fr\\\/blog\\\/author\\\/editorial-heymondo\\\/\"}]}<\/script>\n<!-- \/ Yoast SEO plugin. -->","yoast_head_json":{"title":"D\u00e9couvrez o\u00f9 partir en septembre","description":"D\u00e9couvrez 15 destinations uniques pour voyager au mois de septembre et profiter de la fin de l'\u00e9t\u00e9 en \u00e9vitant les foules.","robots":{"index":"index","follow":"follow","max-snippet":"max-snippet:-1","max-image-preview":"max-image-preview:large","max-video-preview":"max-video-preview:-1"},"canonical":"https:\/\/heymondo.fr\/blog\/partir-en-septembre\/","og_locale":"fr_FR","og_type":"article","og_title":"D\u00e9couvrez o\u00f9 partir en septembre","og_description":"D\u00e9couvrez 15 destinations uniques pour voyager au mois de septembre et profiter de la fin de l'\u00e9t\u00e9 en \u00e9vitant les foules.","og_url":"https:\/\/heymondo.fr\/blog\/partir-en-septembre\/","og_site_name":"Heymondo","article_published_time":"2025-07-16T14:38:15+00:00","article_modified_time":"2025-10-22T10:51:37+00:00","og_image":[{"width":1400,"height":800,"url":"https:\/\/heymondo.fr\/blog\/wp-content\/uploads\/2025\/07\/BLOG-COUVERTURE-2.jpg","type":"image\/jpeg"}],"author":"\u00c9quipe \u00e9ditoriale","twitter_card":"summary_large_image","twitter_creator":"@heymondo_fr","twitter_site":"@heymondo_fr","twitter_misc":{"\u00c9crit par":"\u00c9quipe \u00e9ditoriale","Dur\u00e9e de lecture estim\u00e9e":"11 minutes"},"schema":{"@context":"https:\/\/schema.org","@graph":[{"@type":"Article","@id":"https:\/\/heymondo.fr\/blog\/partir-en-septembre\/#article","isPartOf":{"@id":"https:\/\/heymondo.fr\/blog\/partir-en-septembre\/"},"author":{"name":"\u00c9quipe \u00e9ditoriale","@id":"https:\/\/heymondo.fr\/blog\/#\/schema\/person\/f98ec04efa5b49ad5eaed12c2ff69fd3"},"headline":"15 destinations pour partir en septembre","datePublished":"2025-07-16T14:38:15+00:00","dateModified":"2025-10-22T10:51:37+00:00","mainEntityOfPage":{"@id":"https:\/\/heymondo.fr\/blog\/partir-en-septembre\/"},"wordCount":1968,"image":{"@id":"https:\/\/heymondo.fr\/blog\/partir-en-septembre\/#primaryimage"},"thumbnailUrl":"https:\/\/heymondo.fr\/blog\/wp-content\/uploads\/2025\/07\/BLOG-COUVERTURE-2.jpg","articleSection":["Destinations et itin\u00e9raires"],"inLanguage":"fr-FR"},{"@type":"WebPage","@id":"https:\/\/heymondo.fr\/blog\/partir-en-septembre\/","url":"https:\/\/heymondo.fr\/blog\/partir-en-septembre\/","name":"D\u00e9couvrez o\u00f9 partir en septembre","isPartOf":{"@id":"https:\/\/heymondo.fr\/blog\/#website"},"primaryImageOfPage":{"@id":"https:\/\/heymondo.fr\/blog\/partir-en-septembre\/#primaryimage"},"image":{"@id":"https:\/\/heymondo.fr\/blog\/partir-en-septembre\/#primaryimage"},"thumbnailUrl":"https:\/\/heymondo.fr\/blog\/wp-content\/uploads\/2025\/07\/BLOG-COUVERTURE-2.jpg","datePublished":"2025-07-16T14:38:15+00:00","dateModified":"2025-10-22T10:51:37+00:00","author":{"@id":"https:\/\/heymondo.fr\/blog\/#\/schema\/person\/f98ec04efa5b49ad5eaed12c2ff69fd3"},"description":"D\u00e9couvrez 15 destinations uniques pour voyager au mois de septembre et profiter de la fin de l'\u00e9t\u00e9 en \u00e9vitant les foules.","breadcrumb":{"@id":"https:\/\/heymondo.fr\/blog\/partir-en-septembre\/#breadcrumb"},"inLanguage":"fr-FR","potentialAction":[{"@type":"ReadAction","target":["https:\/\/heymondo.fr\/blog\/partir-en-septembre\/"]}]},{"@type":"ImageObject","inLanguage":"fr-FR","@id":"https:\/\/heymondo.fr\/blog\/partir-en-septembre\/#primaryimage","url":"https:\/\/heymondo.fr\/blog\/wp-content\/uploads\/2025\/07\/BLOG-COUVERTURE-2.jpg","contentUrl":"https:\/\/heymondo.fr\/blog\/wp-content\/uploads\/2025\/07\/BLOG-COUVERTURE-2.jpg","width":1400,"height":800,"caption":"15 destinations pour partir en septembre"},{"@type":"BreadcrumbList","@id":"https:\/\/heymondo.fr\/blog\/partir-en-septembre\/#breadcrumb","itemListElement":[{"@type":"ListItem","position":1,"name":"Accueil","item":"https:\/\/heymondo.fr\/blog\/"},{"@type":"ListItem","position":2,"name":"15 destinations pour partir en septembre"}]},{"@type":"WebSite","@id":"https:\/\/heymondo.fr\/blog\/#website","url":"https:\/\/heymondo.fr\/blog\/","name":"Heymondo","description":"","potentialAction":[{"@type":"SearchAction","target":{"@type":"EntryPoint","urlTemplate":"https:\/\/heymondo.fr\/blog\/?s={search_term_string}"},"query-input":{"@type":"PropertyValueSpecification","valueRequired":true,"valueName":"search_term_string"}}],"inLanguage":"fr-FR"},{"@type":"Person","@id":"https:\/\/heymondo.fr\/blog\/#\/schema\/person\/f98ec04efa5b49ad5eaed12c2ff69fd3","name":"\u00c9quipe \u00e9ditoriale","description":"L'\u00e9quipe de r\u00e9dacteurs de Heymondo est compos\u00e9e de professionnels qui ont explor\u00e9 une grande partie du monde et qui souhaitent inspirer d'autres voyageurs \u00e0 suivre leurs traces. Notre \u00e9quipe est toujours attentive aux derni\u00e8res tendances en mati\u00e8re de voyages et, avant de faire toute recommandation dans ses articles, elle v\u00e9rifie les informations sur la s\u00e9curit\u00e9 de la destination aupr\u00e8s de sources officielles. Notre priorit\u00e9 est que vous voyagiez en toute s\u00e9curit\u00e9, c'est pourquoi dans les articles de Heymondo, vous trouverez des conseils utiles sur la s\u00e9curit\u00e9 lors de vos voyages, la sant\u00e9, les vaccins ou les exigences d'entr\u00e9e dans le pays, etc. Parmi toutes les recommandations, la plus importante est que vous voyagiez toujours avec votre meilleur compagnon : votre assurance voyage Heymondo.","url":"https:\/\/heymondo.fr\/blog\/author\/editorial-heymondo\/"}]}},"featured_image_url":"https:\/\/heymondo.fr\/blog\/wp-content\/uploads\/2025\/07\/BLOG-COUVERTURE-2.jpg","_links":{"self":[{"href":"https:\/\/heymondo.fr\/blog\/wp-json\/wp\/v2\/posts\/38928","targetHints":{"allow":["GET"]}}],"collection":[{"href":"https:\/\/heymondo.fr\/blog\/wp-json\/wp\/v2\/posts"}],"about":[{"href":"https:\/\/heymondo.fr\/blog\/wp-json\/wp\/v2\/types\/post"}],"author":[{"embeddable":true,"href":"https:\/\/heymondo.fr\/blog\/wp-json\/wp\/v2\/users\/14"}],"replies":[{"embeddable":true,"href":"https:\/\/heymondo.fr\/blog\/wp-json\/wp\/v2\/comments?post=38928"}],"version-history":[{"count":25,"href":"https:\/\/heymondo.fr\/blog\/wp-json\/wp\/v2\/posts\/38928\/revisions"}],"predecessor-version":[{"id":41771,"href":"https:\/\/heymondo.fr\/blog\/wp-json\/wp\/v2\/posts\/38928\/revisions\/41771"}],"wp:featuredmedia":[{"embeddable":true,"href":"https:\/\/heymondo.fr\/blog\/wp-json\/wp\/v2\/media\/41620"}],"wp:attachment":[{"href":"https:\/\/heymondo.fr\/blog\/wp-json\/wp\/v2\/media?parent=38928"}],"wp:term":[{"taxonomy":"category","embeddable":true,"href":"https:\/\/heymondo.fr\/blog\/wp-json\/wp\/v2\/categories?post=38928"},{"taxonomy":"post_tag","embeddable":true,"href":"https:\/\/heymondo.fr\/blog\/wp-json\/wp\/v2\/tags?post=38928"}],"curies":[{"name":"wp","href":"https:\/\/api.w.org\/{rel}","templated":true}]}}